[{"@context":"https:\/\/schema.org\/","@type":"Article","@id":"https:\/\/www.bumo.cz\/4tet-dostane-kazdou-generaci\/#Article","mainEntityOfPage":"https:\/\/www.bumo.cz\/4tet-dostane-kazdou-generaci\/","headline":"4TET dostane ka\u017edou generaci!","name":"4TET dostane ka\u017edou generaci!","description":"V hledi\u0161t\u00edch kulturn\u00edch za\u0159\u00edzen\u00ed najdeme na koncertech tohoto ojedin\u011bl\u00e9ho uskupen\u00ed z\u00e1stupce v\u0161ech generac\u00ed, proto\u017ee sv\u00fdm neot\u0159el\u00fdm a n\u00e1padit\u00fdm projevem oslov\u00ed d\u011bti i dosp\u011bl\u00e9. Toto vok\u00e1ln\u00ed seskupen\u00ed zalo\u017eil v roce 2002 zn\u00e1m\u00fd zp\u011bv\u00e1k Ji\u0159\u00ed Korn, osloven\u00edm dal\u0161\u00edch skv\u011bl\u00fdch um\u011blc\u016f, jako jsou David Uli\u010dn\u00edk, Ji\u0159\u00ed \u0160korp\u00edk a David Koll\u00e1r. Hudebn\u00ed n\u00e1stroje u nich nenajdeme. Vysta\u010d\u00ed si toti\u017e&hellip; <a href=\"https:\/\/www.bumo.cz\/4tet-dostane-kazdou-generaci\/\">Pokra\u010dovat ve \u010dten\u00ed <span class=\"screen-reader-text\">4TET dostane ka\u017edou generaci!<\/span><\/a>","datePublished":"2025-03-02","dateModified":"2025-03-02","author":{"@type":"Person","@id":"https:\/\/www.bumo.cz\/author\/#Person","name":"bumo.cz\n","url":"https:\/\/www.bumo.cz\/author\/","identifier":1,"image":{"@type":"ImageObject","@id":"https:\/\/secure.gravatar.com\/avatar\/df9d3e7f7fe4622e291ec02ac46f5f76755ddc91019a65e783baee3892394402?s=96&d=mm&r=g","url":"https:\/\/secure.gravatar.com\/avatar\/df9d3e7f7fe4622e291ec02ac46f5f76755ddc91019a65e783baee3892394402?s=96&d=mm&r=g","height":96,"width":96}},"publisher":{"@type":"Organization","name":"bumo.cz","logo":{"@type":"ImageObject","@id":"\/logo.png","url":"\/logo.png","width":600,"height":60}},"image":{"@type":"ImageObject","@id":"https:\/\/www.bumo.cz\/wp-content\/uploads\/img_a342897_w2067_t1556035977.jpg","url":"https:\/\/www.bumo.cz\/wp-content\/uploads\/img_a342897_w2067_t1556035977.jpg","height":0,"width":0},"url":"https:\/\/www.bumo.cz\/4tet-dostane-kazdou-generaci\/","about":["Kultura"],"wordCount":394,"articleBody":"V hledi\u0161t\u00edch kulturn\u00edch za\u0159\u00edzen\u00ed najdeme na koncertech tohoto ojedin\u011bl\u00e9ho uskupen\u00ed z\u00e1stupce v\u0161ech generac\u00ed, proto\u017ee sv\u00fdm neot\u0159el\u00fdm a n\u00e1padit\u00fdm projevem oslov\u00ed d\u011bti i dosp\u011bl\u00e9.Toto vok\u00e1ln\u00ed seskupen\u00ed zalo\u017eil v roce 2002 zn\u00e1m\u00fd zp\u011bv\u00e1k Ji\u0159\u00ed Korn, osloven\u00edm dal\u0161\u00edch skv\u011bl\u00fdch um\u011blc\u016f, jako jsou David Uli\u010dn\u00edk, Ji\u0159\u00ed \u0160korp\u00edk a David Koll\u00e1r. Hudebn\u00ed n\u00e1stroje u nich nenajdeme. Vysta\u010d\u00ed si toti\u017e pouze se sv\u00fdmi dokonal\u00fdmi hlasy.Jejich tenor, dva barytony a bass, d\u00e1vaj\u00ed dohromady \u00fa\u017easn\u00fd celek, kter\u00fd je precizn\u011b propracov\u00e1n, co\u017e je nejv\u011bt\u0161\u00ed z\u00e1sluhou Ji\u0159\u00edho Korna. Ten je zn\u00e1m jako velk\u00fd Perfekcionista. To v\u0161e je z\u00e1rukou \u00fa\u017easn\u00e9ho z\u00e1\u017eitku \u010dist\u00e9ho poslechu zaj\u00edmav\u011b aran\u017eovan\u00fdch sv\u011btov\u011b zn\u00e1m\u00fdch skladeb jako je nap\u0159\u00edklad Tears In Heaven, Addams Family, Lion King. Na sv\u00e9 si p\u0159ijdou i milovn\u00edci \u010desk\u00fdch skladeb, kter\u00e9 ur\u010dit\u011b pot\u011b\u0161\u00ed opraven\u00e9 skladby s n\u00e1zvy Prst\u00fdnek, Je jak\u00e1 je, \u010di Znala panna p\u00e1na. V\u011bt\u0161ina t\u011bchto p\u00edsn\u00ed poch\u00e1z\u00ed ze t\u0159\u00ed vydan\u00fdch CD, kter\u00e1 skupina vydala b\u011bhem sv\u00e9ho sedmn\u00e1ctilet\u00e9ho p\u016fsoben\u00ed.V pr\u016fb\u011bhu roku vystupuje 4TET v s\u00e1lech kulturn\u00edch za\u0159\u00edzen\u00ed po cel\u00e9 republice, ale b\u00fdv\u00e1 tak\u00e9 \u010dast\u00fdm hostem a ozdobou na v\u00fdznamn\u00fdch presti\u017en\u00edch ud\u00e1lostech r\u016fzn\u00fdch organizac\u00ed a firem.Nez\u0159\u00eddka se s nimi m\u016f\u017eeme setkat v r\u00e1mci r\u016fzn\u00fdch letn\u00edch festival\u016f (r. 2007 vystoupilo uskupen\u00ed v pozici hosta na Mezin\u00e1rodn\u00edm hudebn\u00edm festivalu Petra Dvorsk\u00e9ho, p\u0159ed vyprodan\u00fdm hledi\u0161t\u011bm). Tehdy jim ve stoje sv\u00fdm potleskem pod\u011bkovalo v\u00edce ne\u017e 4000 div\u00e1k\u016f, a tento fakt mluv\u00ed u\u017e s\u00e1m za sebe.Tento kulturn\u00ed z\u00e1\u017eitek tedy lze v\u0159ele doporu\u010dit v\u0161em generac\u00edm a nebudete ur\u010dit\u011b ani na okam\u017eik litovat. L\u00edto v\u00e1m naopak bude skute\u010dnosti, \u017ee koncert tak rychle ub\u011bhl..\u00a0\u00a0Jenom je t\u0159eba v\u010das zakoupit vstupenky, proto\u017ee pro velk\u00fd z\u00e1jem b\u00fdvaj\u00ed v\u017edy velice rychle vyprod\u00e1ny. Nezb\u00fdv\u00e1 tedy, ne\u017e nav\u0161t\u00edvit port\u00e1l s prodejem vstupenek a objednat.                                                                                                                                                                                                                                                                                                                                                                                        4.1\/5 - (7 votes)        "},{"@context":"https:\/\/schema.org\/","@type":"BreadcrumbList","itemListElement":[{"@type":"ListItem","position":1,"name":"4TET dostane ka\u017edou generaci!","item":"https:\/\/www.bumo.cz\/4tet-dostane-kazdou-generaci\/#breadcrumbitem"}]}]