[{"@context":"https:\/\/schema.org\/","@type":"Article","@id":"https:\/\/www.bumo.cz\/chcete-mit-kouzelne-zazitky\/#Article","mainEntityOfPage":"https:\/\/www.bumo.cz\/chcete-mit-kouzelne-zazitky\/","headline":"Chcete m\u00edt kouzeln\u00e9 z\u00e1\u017eitky?","name":"Chcete m\u00edt kouzeln\u00e9 z\u00e1\u017eitky?","description":"Magicky str\u00e1ven\u00e9 chv\u00edle. Nen\u00ed to jen o \u0161ar\u00e1d\u011b, je to o iluzionistick\u00e9m um\u011bn\u00ed. A to neum\u00ed ka\u017ed\u00fd. Martin je profesion\u00e1l, kter\u00fd m\u00e1 \u0161irok\u00fd z\u00e1b\u011br. Martin je kouzeln\u00edk a m\u00e1 sv\u00e9 dlouholet\u00e9 zku\u0161enosti a um\u00ed to i s t\u011bmi nejn\u00e1ro\u010dn\u011bj\u0161\u00edmi div\u00e1ky. Kupte si l\u00edstky na jeho iluzionistick\u00e1 \u010d\u00edsla, kter\u00e1 ohrom\u00ed i dosp\u011bl\u00e9 div\u00e1ky. Va\u0161e pootev\u0159en\u00e1 \u00fasta&hellip; <a href=\"https:\/\/www.bumo.cz\/chcete-mit-kouzelne-zazitky\/\">Pokra\u010dovat ve \u010dten\u00ed <span class=\"screen-reader-text\">Chcete m\u00edt kouzeln\u00e9 z\u00e1\u017eitky?<\/span><\/a>","datePublished":"2025-04-16","dateModified":"2025-04-16","author":{"@type":"Person","@id":"https:\/\/www.bumo.cz\/author\/#Person","name":"bumo.cz\n","url":"https:\/\/www.bumo.cz\/author\/","identifier":1,"image":{"@type":"ImageObject","@id":"https:\/\/secure.gravatar.com\/avatar\/df9d3e7f7fe4622e291ec02ac46f5f76755ddc91019a65e783baee3892394402?s=96&d=mm&r=g","url":"https:\/\/secure.gravatar.com\/avatar\/df9d3e7f7fe4622e291ec02ac46f5f76755ddc91019a65e783baee3892394402?s=96&d=mm&r=g","height":96,"width":96}},"publisher":{"@type":"Organization","name":"bumo.cz","logo":{"@type":"ImageObject","@id":"\/logo.png","url":"\/logo.png","width":600,"height":60}},"url":"https:\/\/www.bumo.cz\/chcete-mit-kouzelne-zazitky\/","wordCount":185,"articleBody":" Magicky str\u00e1ven\u00e9 chv\u00edle. Nen\u00ed to jen o \u0161ar\u00e1d\u011b, je to o iluzionistick\u00e9m um\u011bn\u00ed. A to neum\u00ed ka\u017ed\u00fd. Martin je profesion\u00e1l, kter\u00fd m\u00e1 \u0161irok\u00fd z\u00e1b\u011br. Martin je kouzeln\u00edk a m\u00e1 sv\u00e9 dlouholet\u00e9 zku\u0161enosti a um\u00ed to i s t\u011bmi nejn\u00e1ro\u010dn\u011bj\u0161\u00edmi div\u00e1ky. Kupte si l\u00edstky na jeho iluzionistick\u00e1 \u010d\u00edsla, kter\u00e1 ohrom\u00ed i dosp\u011bl\u00e9 div\u00e1ky. Va\u0161e pootev\u0159en\u00e1 \u00fasta a pohled z\u016fstanou v n\u011bm\u00e9m \u00fa\u017easu. Pro ty co cht\u011bj\u00ed vid\u011bt kouzla. Nechte starosti doma. Dnes se budete bavit. Jup\u00ed\u00ed, kouzelnick\u00e1 akce za\u010d\u00edn\u00e1. Jsme p\u0159ipraveni, usa\u010fte se do sedadel a p\u0159ipravte si ruce na \u00favodn\u00ed potlesk, ale moc jej nep\u0159eh\u00e1n\u011bjte, a\u0165 v\u00e1m zbudou s\u00edly i na zbytek p\u0159edstaven\u00ed! Kouzeln\u00edk v\u00e1s dostane a mile p\u0159ekvap\u00ed. A je to tady! \u010cek\u00e1te n\u011bjak\u00e9ho v\u0161eum\u011bla a zat\u00edm se na jevi\u0161ti objev\u00ed profesion\u00e1l. Tak to je d\u00e1my a p\u00e1nov\u00e9 Magic Kellman, kouzeln\u00edk \u010d\u00edslo jedna!                                                                                                                                                                                                                                                                                                                                                                                                "},{"@context":"https:\/\/schema.org\/","@type":"BreadcrumbList","itemListElement":[{"@type":"ListItem","position":1,"name":"Chcete m\u00edt kouzeln\u00e9 z\u00e1\u017eitky?","item":"https:\/\/www.bumo.cz\/chcete-mit-kouzelne-zazitky\/#breadcrumbitem"}]}]