{"@context":"https:\/\/schema.org\/","@type":"CollectionPage","@id":"https:\/\/www.bumo.cz\/dum-a-zahrada\/#CollectionPage","headline":"D\u016fm a zahrada Category","description":"","url":"https:\/\/www.bumo.cz\/dum-a-zahrada\/","hasPart":[{"@type":"Article","@id":"https:\/\/www.bumo.cz\/prizemni-a-pohodovy\/","headline":"P\u0159\u00edzemn\u00ed a pohodov\u00fd","url":"https:\/\/www.bumo.cz\/prizemni-a-pohodovy\/","datePublished":"2026-01-16","dateModified":"2026-01-16","mainEntityOfPage":"https:\/\/www.bumo.cz\/prizemni-a-pohodovy\/","author":{"@type":"Person","@id":"https:\/\/www.bumo.cz\/author\/#Person","name":"bumo.cz\n","url":"https:\/\/www.bumo.cz\/author\/","identifier":1,"image":{"@type":"ImageObject","@id":"https:\/\/secure.gravatar.com\/avatar\/df9d3e7f7fe4622e291ec02ac46f5f76755ddc91019a65e783baee3892394402?s=96&d=mm&r=g","url":"https:\/\/secure.gravatar.com\/avatar\/df9d3e7f7fe4622e291ec02ac46f5f76755ddc91019a65e783baee3892394402?s=96&d=mm&r=g","height":96,"width":96}},"publisher":{"@type":"Organization","name":"bumo.cz","logo":{"@type":"ImageObject","@id":"\/logo.png","url":"\/logo.png","width":600,"height":60}},"image":{"@type":"ImageObject","@id":"https:\/\/www.bumo.cz\/wp-content\/uploads\/pexels-artbovich-7587825.jpg","url":"https:\/\/www.bumo.cz\/wp-content\/uploads\/pexels-artbovich-7587825.jpg","height":0,"width":0},"keywords":null},{"@type":"Article","@id":"https:\/\/www.bumo.cz\/kralovna-zahrad\/","headline":"Kr\u00e1lovna zahrad","url":"https:\/\/www.bumo.cz\/kralovna-zahrad\/","datePublished":"2025-03-07","dateModified":"2023-04-29","mainEntityOfPage":"https:\/\/www.bumo.cz\/kralovna-zahrad\/","author":{"@type":"Person","@id":"https:\/\/www.bumo.cz\/author\/#Person","name":"bumo.cz\n","url":"https:\/\/www.bumo.cz\/author\/","identifier":1,"image":{"@type":"ImageObject","@id":"https:\/\/secure.gravatar.com\/avatar\/df9d3e7f7fe4622e291ec02ac46f5f76755ddc91019a65e783baee3892394402?s=96&d=mm&r=g","url":"https:\/\/secure.gravatar.com\/avatar\/df9d3e7f7fe4622e291ec02ac46f5f76755ddc91019a65e783baee3892394402?s=96&d=mm&r=g","height":96,"width":96}},"publisher":{"@type":"Organization","name":"bumo.cz","logo":{"@type":"ImageObject","@id":"\/logo.png","url":"\/logo.png","width":600,"height":60}},"image":{"@type":"ImageObject","@id":"https:\/\/www.bumo.cz\/wp-content\/uploads\/img_a289736_w2067_t1501186651.jpg","url":"https:\/\/www.bumo.cz\/wp-content\/uploads\/img_a289736_w2067_t1501186651.jpg","height":0,"width":0},"keywords":null},{"@type":"Article","@id":"https:\/\/www.bumo.cz\/odolne-pokryvne-rostliny\/","headline":"Odoln\u00e9 pokryvn\u00e9 rostliny","url":"https:\/\/www.bumo.cz\/odolne-pokryvne-rostliny\/","datePublished":"2025-03-07","dateModified":"2023-04-29","mainEntityOfPage":"https:\/\/www.bumo.cz\/odolne-pokryvne-rostliny\/","author":{"@type":"Person","@id":"https:\/\/www.bumo.cz\/author\/#Person","name":"bumo.cz\n","url":"https:\/\/www.bumo.cz\/author\/","identifier":1,"image":{"@type":"ImageObject","@id":"https:\/\/secure.gravatar.com\/avatar\/df9d3e7f7fe4622e291ec02ac46f5f76755ddc91019a65e783baee3892394402?s=96&d=mm&r=g","url":"https:\/\/secure.gravatar.com\/avatar\/df9d3e7f7fe4622e291ec02ac46f5f76755ddc91019a65e783baee3892394402?s=96&d=mm&r=g","height":96,"width":96}},"publisher":{"@type":"Organization","name":"bumo.cz","logo":{"@type":"ImageObject","@id":"\/logo.png","url":"\/logo.png","width":600,"height":60}},"image":{"@type":"ImageObject","@id":"https:\/\/www.bumo.cz\/wp-content\/uploads\/img_a303964_w2067_t1514757345.jpg","url":"https:\/\/www.bumo.cz\/wp-content\/uploads\/img_a303964_w2067_t1514757345.jpg","height":0,"width":0},"keywords":null},{"@type":"Article","@id":"https:\/\/www.bumo.cz\/zimni-zahrada\/","headline":"Zimn\u00ed zahrada","url":"https:\/\/www.bumo.cz\/zimni-zahrada\/","datePublished":"2025-03-04","dateModified":"2023-04-29","mainEntityOfPage":"https:\/\/www.bumo.cz\/zimni-zahrada\/","author":{"@type":"Person","@id":"https:\/\/www.bumo.cz\/author\/#Person","name":"bumo.cz\n","url":"https:\/\/www.bumo.cz\/author\/","identifier":1,"image":{"@type":"ImageObject","@id":"https:\/\/secure.gravatar.com\/avatar\/df9d3e7f7fe4622e291ec02ac46f5f76755ddc91019a65e783baee3892394402?s=96&d=mm&r=g","url":"https:\/\/secure.gravatar.com\/avatar\/df9d3e7f7fe4622e291ec02ac46f5f76755ddc91019a65e783baee3892394402?s=96&d=mm&r=g","height":96,"width":96}},"publisher":{"@type":"Organization","name":"bumo.cz","logo":{"@type":"ImageObject","@id":"\/logo.png","url":"\/logo.png","width":600,"height":60}},"image":{"@type":"ImageObject","@id":"https:\/\/www.bumo.cz\/wp-content\/uploads\/img_a303109_w2067_t1513271610.jpg","url":"https:\/\/www.bumo.cz\/wp-content\/uploads\/img_a303109_w2067_t1513271610.jpg","height":0,"width":0},"keywords":null},{"@type":"Article","@id":"https:\/\/www.bumo.cz\/zahradni-jezirko-zalozeni-jezirka\/","headline":"Zahradn\u00ed jez\u00edrko \u2013 zalo\u017een\u00ed jez\u00edrka","url":"https:\/\/www.bumo.cz\/zahradni-jezirko-zalozeni-jezirka\/","datePublished":"2025-03-02","dateModified":"2025-03-02","mainEntityOfPage":"https:\/\/www.bumo.cz\/zahradni-jezirko-zalozeni-jezirka\/","author":{"@type":"Person","@id":"https:\/\/www.bumo.cz\/author\/#Person","name":"bumo.cz\n","url":"https:\/\/www.bumo.cz\/author\/","identifier":1,"image":{"@type":"ImageObject","@id":"https:\/\/secure.gravatar.com\/avatar\/df9d3e7f7fe4622e291ec02ac46f5f76755ddc91019a65e783baee3892394402?s=96&d=mm&r=g","url":"https:\/\/secure.gravatar.com\/avatar\/df9d3e7f7fe4622e291ec02ac46f5f76755ddc91019a65e783baee3892394402?s=96&d=mm&r=g","height":96,"width":96}},"publisher":{"@type":"Organization","name":"bumo.cz","logo":{"@type":"ImageObject","@id":"\/logo.png","url":"\/logo.png","width":600,"height":60}},"image":{"@type":"ImageObject","@id":"https:\/\/www.bumo.cz\/wp-content\/uploads\/img_a334349_w2067_t1547996074.jpg","url":"https:\/\/www.bumo.cz\/wp-content\/uploads\/img_a334349_w2067_t1547996074.jpg","height":0,"width":0},"keywords":null},{"@type":"Article","@id":"https:\/\/www.bumo.cz\/solarni-sprchy-prijdou-vhod\/","headline":"Sol\u00e1rn\u00ed sprchy p\u0159ijdou vhod","url":"https:\/\/www.bumo.cz\/solarni-sprchy-prijdou-vhod\/","datePublished":"2025-03-01","dateModified":"2023-04-29","mainEntityOfPage":"https:\/\/www.bumo.cz\/solarni-sprchy-prijdou-vhod\/","author":{"@type":"Person","@id":"https:\/\/www.bumo.cz\/author\/#Person","name":"bumo.cz\n","url":"https:\/\/www.bumo.cz\/author\/","identifier":1,"image":{"@type":"ImageObject","@id":"https:\/\/secure.gravatar.com\/avatar\/df9d3e7f7fe4622e291ec02ac46f5f76755ddc91019a65e783baee3892394402?s=96&d=mm&r=g","url":"https:\/\/secure.gravatar.com\/avatar\/df9d3e7f7fe4622e291ec02ac46f5f76755ddc91019a65e783baee3892394402?s=96&d=mm&r=g","height":96,"width":96}},"publisher":{"@type":"Organization","name":"bumo.cz","logo":{"@type":"ImageObject","@id":"\/logo.png","url":"\/logo.png","width":600,"height":60}},"image":{"@type":"ImageObject","@id":"https:\/\/www.bumo.cz\/wp-content\/uploads\/img_a299275_w2067_t1509369328.jpg","url":"https:\/\/www.bumo.cz\/wp-content\/uploads\/img_a299275_w2067_t1509369328.jpg","height":0,"width":0},"keywords":null},{"@type":"Article","@id":"https:\/\/www.bumo.cz\/uplne-kazdy-ma-na-vyber\/","headline":"\u00dapln\u011b ka\u017ed\u00fd m\u00e1 na v\u00fdb\u011br","url":"https:\/\/www.bumo.cz\/uplne-kazdy-ma-na-vyber\/","datePublished":"2025-03-01","dateModified":"2023-04-29","mainEntityOfPage":"https:\/\/www.bumo.cz\/uplne-kazdy-ma-na-vyber\/","author":{"@type":"Person","@id":"https:\/\/www.bumo.cz\/author\/#Person","name":"bumo.cz\n","url":"https:\/\/www.bumo.cz\/author\/","identifier":1,"image":{"@type":"ImageObject","@id":"https:\/\/secure.gravatar.com\/avatar\/df9d3e7f7fe4622e291ec02ac46f5f76755ddc91019a65e783baee3892394402?s=96&d=mm&r=g","url":"https:\/\/secure.gravatar.com\/avatar\/df9d3e7f7fe4622e291ec02ac46f5f76755ddc91019a65e783baee3892394402?s=96&d=mm&r=g","height":96,"width":96}},"publisher":{"@type":"Organization","name":"bumo.cz","logo":{"@type":"ImageObject","@id":"\/logo.png","url":"\/logo.png","width":600,"height":60}},"image":{"@type":"ImageObject","@id":"https:\/\/www.bumo.cz\/wp-content\/uploads\/img_a307145_w2067_t1518541219.jpg","url":"https:\/\/www.bumo.cz\/wp-content\/uploads\/img_a307145_w2067_t1518541219.jpg","height":0,"width":0},"keywords":null},{"@type":"Article","@id":"https:\/\/www.bumo.cz\/vlastni-rodinny-dum\/","headline":"Vlastn\u00ed rodinn\u00fd d\u016fm","url":"https:\/\/www.bumo.cz\/vlastni-rodinny-dum\/","datePublished":"2023-07-08","dateModified":"2023-10-23","mainEntityOfPage":"https:\/\/www.bumo.cz\/vlastni-rodinny-dum\/","author":{"@type":"Person","@id":"https:\/\/www.bumo.cz\/author\/#Person","name":"bumo.cz\n","url":"https:\/\/www.bumo.cz\/author\/","identifier":1,"image":{"@type":"ImageObject","@id":"https:\/\/secure.gravatar.com\/avatar\/df9d3e7f7fe4622e291ec02ac46f5f76755ddc91019a65e783baee3892394402?s=96&d=mm&r=g","url":"https:\/\/secure.gravatar.com\/avatar\/df9d3e7f7fe4622e291ec02ac46f5f76755ddc91019a65e783baee3892394402?s=96&d=mm&r=g","height":96,"width":96}},"publisher":{"@type":"Organization","name":"bumo.cz","logo":{"@type":"ImageObject","@id":"\/logo.png","url":"\/logo.png","width":600,"height":60}},"image":{"@type":"ImageObject","@id":"https:\/\/www.bumo.cz\/wp-content\/uploads\/house-1836070_1280_1.jpg","url":"https:\/\/www.bumo.cz\/wp-content\/uploads\/house-1836070_1280_1.jpg","height":0,"width":0},"keywords":null},{"@type":"Article","@id":"https:\/\/www.bumo.cz\/neni-pujcka-jako-pujcka\/","headline":"Nen\u00ed p\u016fj\u010dka jako p\u016fj\u010dka","url":"https:\/\/www.bumo.cz\/neni-pujcka-jako-pujcka\/","datePublished":"2019-09-02","dateModified":"2019-09-02","mainEntityOfPage":"https:\/\/www.bumo.cz\/neni-pujcka-jako-pujcka\/","author":{"@type":"Person","@id":"https:\/\/www.bumo.cz\/author\/#Person","name":"bumo.cz\n","url":"https:\/\/www.bumo.cz\/author\/","identifier":1,"image":{"@type":"ImageObject","@id":"https:\/\/secure.gravatar.com\/avatar\/df9d3e7f7fe4622e291ec02ac46f5f76755ddc91019a65e783baee3892394402?s=96&d=mm&r=g","url":"https:\/\/secure.gravatar.com\/avatar\/df9d3e7f7fe4622e291ec02ac46f5f76755ddc91019a65e783baee3892394402?s=96&d=mm&r=g","height":96,"width":96}},"publisher":{"@type":"Organization","name":"bumo.cz","logo":{"@type":"ImageObject","@id":"\/logo.png","url":"\/logo.png","width":600,"height":60}},"image":{"@type":"ImageObject","@id":"https:\/\/www.bumo.cz\/wp-content\/uploads\/img_a363632_w2067_t1576396447.jpg","url":"https:\/\/www.bumo.cz\/wp-content\/uploads\/img_a363632_w2067_t1576396447.jpg","height":0,"width":0},"keywords":null},{"@type":"Article","@id":"https:\/\/www.bumo.cz\/americka-nebankovni-hypoteka\/","headline":"Americk\u00e1 nebankovn\u00ed hypot\u00e9ka","url":"https:\/\/www.bumo.cz\/americka-nebankovni-hypoteka\/","datePublished":"2018-08-26","dateModified":"2018-08-26","mainEntityOfPage":"https:\/\/www.bumo.cz\/americka-nebankovni-hypoteka\/","author":{"@type":"Person","@id":"https:\/\/www.bumo.cz\/author\/#Person","name":"bumo.cz\n","url":"https:\/\/www.bumo.cz\/author\/","identifier":1,"image":{"@type":"ImageObject","@id":"https:\/\/secure.gravatar.com\/avatar\/df9d3e7f7fe4622e291ec02ac46f5f76755ddc91019a65e783baee3892394402?s=96&d=mm&r=g","url":"https:\/\/secure.gravatar.com\/avatar\/df9d3e7f7fe4622e291ec02ac46f5f76755ddc91019a65e783baee3892394402?s=96&d=mm&r=g","height":96,"width":96}},"publisher":{"@type":"Organization","name":"bumo.cz","logo":{"@type":"ImageObject","@id":"\/logo.png","url":"\/logo.png","width":600,"height":60}},"image":{"@type":"ImageObject","@id":"https:\/\/www.bumo.cz\/wp-content\/uploads\/img_a322935_w2067_t1534794717.jpg","url":"https:\/\/www.bumo.cz\/wp-content\/uploads\/img_a322935_w2067_t1534794717.jpg","height":0,"width":0},"keywords":null}]}