{"@context":"https:\/\/schema.org\/","@type":"CollectionPage","@id":"https:\/\/www.bumo.cz\/ekonomika\/#CollectionPage","headline":"Ekonomika Category","description":"","url":"https:\/\/www.bumo.cz\/ekonomika\/","hasPart":[{"@type":"Article","@id":"https:\/\/www.bumo.cz\/jak-vybrat-spravnou-nemovitost\/","headline":"Jak vybrat spr\u00e1vnou nemovitost","url":"https:\/\/www.bumo.cz\/jak-vybrat-spravnou-nemovitost\/","datePublished":"2025-03-05","dateModified":"2023-04-29","mainEntityOfPage":"https:\/\/www.bumo.cz\/jak-vybrat-spravnou-nemovitost\/","author":{"@type":"Person","@id":"https:\/\/www.bumo.cz\/author\/#Person","name":"bumo.cz\n","url":"https:\/\/www.bumo.cz\/author\/","identifier":1,"image":{"@type":"ImageObject","@id":"https:\/\/secure.gravatar.com\/avatar\/df9d3e7f7fe4622e291ec02ac46f5f76755ddc91019a65e783baee3892394402?s=96&d=mm&r=g","url":"https:\/\/secure.gravatar.com\/avatar\/df9d3e7f7fe4622e291ec02ac46f5f76755ddc91019a65e783baee3892394402?s=96&d=mm&r=g","height":96,"width":96}},"publisher":{"@type":"Organization","name":"bumo.cz","logo":{"@type":"ImageObject","@id":"\/logo.png","url":"\/logo.png","width":600,"height":60}},"image":{"@type":"ImageObject","@id":"https:\/\/www.bumo.cz\/wp-content\/uploads\/img_a305344_w2067_t1516872408.jpg","url":"https:\/\/www.bumo.cz\/wp-content\/uploads\/img_a305344_w2067_t1516872408.jpg","height":0,"width":0},"keywords":null},{"@type":"Article","@id":"https:\/\/www.bumo.cz\/ekonomika-zitrka-ochrana-zivotniho-prostredi\/","headline":"Ekonomika z\u00edt\u0159ka \u2013 ochrana \u017eivotn\u00edho prost\u0159ed\u00ed","url":"https:\/\/www.bumo.cz\/ekonomika-zitrka-ochrana-zivotniho-prostredi\/","datePublished":"2025-03-03","dateModified":"2023-04-29","mainEntityOfPage":"https:\/\/www.bumo.cz\/ekonomika-zitrka-ochrana-zivotniho-prostredi\/","author":{"@type":"Person","@id":"https:\/\/www.bumo.cz\/author\/#Person","name":"bumo.cz\n","url":"https:\/\/www.bumo.cz\/author\/","identifier":1,"image":{"@type":"ImageObject","@id":"https:\/\/secure.gravatar.com\/avatar\/df9d3e7f7fe4622e291ec02ac46f5f76755ddc91019a65e783baee3892394402?s=96&d=mm&r=g","url":"https:\/\/secure.gravatar.com\/avatar\/df9d3e7f7fe4622e291ec02ac46f5f76755ddc91019a65e783baee3892394402?s=96&d=mm&r=g","height":96,"width":96}},"publisher":{"@type":"Organization","name":"bumo.cz","logo":{"@type":"ImageObject","@id":"\/logo.png","url":"\/logo.png","width":600,"height":60}},"image":{"@type":"ImageObject","@id":"https:\/\/www.bumo.cz\/wp-content\/uploads\/img_a302350_w2067_t1512249618.jpg","url":"https:\/\/www.bumo.cz\/wp-content\/uploads\/img_a302350_w2067_t1512249618.jpg","height":0,"width":0},"keywords":null},{"@type":"Article","@id":"https:\/\/www.bumo.cz\/cirkve-a-byznys\/","headline":"C\u00edrkve a byznys","url":"https:\/\/www.bumo.cz\/cirkve-a-byznys\/","datePublished":"2025-03-02","dateModified":"2025-03-02","mainEntityOfPage":"https:\/\/www.bumo.cz\/cirkve-a-byznys\/","author":{"@type":"Person","@id":"https:\/\/www.bumo.cz\/author\/#Person","name":"bumo.cz\n","url":"https:\/\/www.bumo.cz\/author\/","identifier":1,"image":{"@type":"ImageObject","@id":"https:\/\/secure.gravatar.com\/avatar\/df9d3e7f7fe4622e291ec02ac46f5f76755ddc91019a65e783baee3892394402?s=96&d=mm&r=g","url":"https:\/\/secure.gravatar.com\/avatar\/df9d3e7f7fe4622e291ec02ac46f5f76755ddc91019a65e783baee3892394402?s=96&d=mm&r=g","height":96,"width":96}},"publisher":{"@type":"Organization","name":"bumo.cz","logo":{"@type":"ImageObject","@id":"\/logo.png","url":"\/logo.png","width":600,"height":60}},"image":{"@type":"ImageObject","@id":"https:\/\/www.bumo.cz\/wp-content\/uploads\/img_a320647_w2067_t1531946373.jpg","url":"https:\/\/www.bumo.cz\/wp-content\/uploads\/img_a320647_w2067_t1531946373.jpg","height":0,"width":0},"keywords":null},{"@type":"Article","@id":"https:\/\/www.bumo.cz\/kde-bychom-bez-pujcek-byli\/","headline":"Kde bychom bez p\u016fj\u010dek byli?","url":"https:\/\/www.bumo.cz\/kde-bychom-bez-pujcek-byli\/","datePublished":"2022-07-09","dateModified":"2022-07-09","mainEntityOfPage":"https:\/\/www.bumo.cz\/kde-bychom-bez-pujcek-byli\/","author":{"@type":"Person","@id":"https:\/\/www.bumo.cz\/author\/#Person","name":"bumo.cz\n","url":"https:\/\/www.bumo.cz\/author\/","identifier":1,"image":{"@type":"ImageObject","@id":"https:\/\/secure.gravatar.com\/avatar\/df9d3e7f7fe4622e291ec02ac46f5f76755ddc91019a65e783baee3892394402?s=96&d=mm&r=g","url":"https:\/\/secure.gravatar.com\/avatar\/df9d3e7f7fe4622e291ec02ac46f5f76755ddc91019a65e783baee3892394402?s=96&d=mm&r=g","height":96,"width":96}},"publisher":{"@type":"Organization","name":"bumo.cz","logo":{"@type":"ImageObject","@id":"\/logo.png","url":"\/logo.png","width":600,"height":60}},"image":{"@type":"ImageObject","@id":"https:\/\/www.bumo.cz\/wp-content\/uploads\/mince%20US.jpg","url":"https:\/\/www.bumo.cz\/wp-content\/uploads\/mince%20US.jpg","height":0,"width":0},"keywords":null},{"@type":"Article","@id":"https:\/\/www.bumo.cz\/unik-z-neresitelne-situace\/","headline":"\u00danik z ne\u0159e\u0161iteln\u00e9 situace","url":"https:\/\/www.bumo.cz\/unik-z-neresitelne-situace\/","datePublished":"2022-03-31","dateModified":"2022-03-31","mainEntityOfPage":"https:\/\/www.bumo.cz\/unik-z-neresitelne-situace\/","author":{"@type":"Person","@id":"https:\/\/www.bumo.cz\/author\/#Person","name":"bumo.cz\n","url":"https:\/\/www.bumo.cz\/author\/","identifier":1,"image":{"@type":"ImageObject","@id":"https:\/\/secure.gravatar.com\/avatar\/df9d3e7f7fe4622e291ec02ac46f5f76755ddc91019a65e783baee3892394402?s=96&d=mm&r=g","url":"https:\/\/secure.gravatar.com\/avatar\/df9d3e7f7fe4622e291ec02ac46f5f76755ddc91019a65e783baee3892394402?s=96&d=mm&r=g","height":96,"width":96}},"publisher":{"@type":"Organization","name":"bumo.cz","logo":{"@type":"ImageObject","@id":"\/logo.png","url":"\/logo.png","width":600,"height":60}},"image":{"@type":"ImageObject","@id":"https:\/\/www.bumo.cz\/wp-content\/uploads\/house-g7030399f3_640.jpg","url":"https:\/\/www.bumo.cz\/wp-content\/uploads\/house-g7030399f3_640.jpg","height":0,"width":0},"keywords":null},{"@type":"Article","@id":"https:\/\/www.bumo.cz\/pujcte-si-tam-kde-je-to-nejvyhodnejsi\/","headline":"P\u016fj\u010dte si tam, kde je to nejv\u00fdhodn\u011bj\u0161\u00ed!","url":"https:\/\/www.bumo.cz\/pujcte-si-tam-kde-je-to-nejvyhodnejsi\/","datePublished":"2019-10-12","dateModified":"2019-10-12","mainEntityOfPage":"https:\/\/www.bumo.cz\/pujcte-si-tam-kde-je-to-nejvyhodnejsi\/","author":{"@type":"Person","@id":"https:\/\/www.bumo.cz\/author\/#Person","name":"bumo.cz\n","url":"https:\/\/www.bumo.cz\/author\/","identifier":1,"image":{"@type":"ImageObject","@id":"https:\/\/secure.gravatar.com\/avatar\/df9d3e7f7fe4622e291ec02ac46f5f76755ddc91019a65e783baee3892394402?s=96&d=mm&r=g","url":"https:\/\/secure.gravatar.com\/avatar\/df9d3e7f7fe4622e291ec02ac46f5f76755ddc91019a65e783baee3892394402?s=96&d=mm&r=g","height":96,"width":96}},"publisher":{"@type":"Organization","name":"bumo.cz","logo":{"@type":"ImageObject","@id":"\/logo.png","url":"\/logo.png","width":600,"height":60}},"image":{"@type":"ImageObject","@id":"https:\/\/www.bumo.cz\/wp-content\/uploads\/img_a368009_w2067_t1580378791.jpg","url":"https:\/\/www.bumo.cz\/wp-content\/uploads\/img_a368009_w2067_t1580378791.jpg","height":0,"width":0},"keywords":null},{"@type":"Article","@id":"https:\/\/www.bumo.cz\/americka-hypoteka-je-tu-pro-vase-plany\/","headline":"Americk\u00e1 hypot\u00e9ka je tu pro va\u0161e pl\u00e1ny","url":"https:\/\/www.bumo.cz\/americka-hypoteka-je-tu-pro-vase-plany\/","datePublished":"2019-09-13","dateModified":"2019-09-13","mainEntityOfPage":"https:\/\/www.bumo.cz\/americka-hypoteka-je-tu-pro-vase-plany\/","author":{"@type":"Person","@id":"https:\/\/www.bumo.cz\/author\/#Person","name":"bumo.cz\n","url":"https:\/\/www.bumo.cz\/author\/","identifier":1,"image":{"@type":"ImageObject","@id":"https:\/\/secure.gravatar.com\/avatar\/df9d3e7f7fe4622e291ec02ac46f5f76755ddc91019a65e783baee3892394402?s=96&d=mm&r=g","url":"https:\/\/secure.gravatar.com\/avatar\/df9d3e7f7fe4622e291ec02ac46f5f76755ddc91019a65e783baee3892394402?s=96&d=mm&r=g","height":96,"width":96}},"publisher":{"@type":"Organization","name":"bumo.cz","logo":{"@type":"ImageObject","@id":"\/logo.png","url":"\/logo.png","width":600,"height":60}},"image":{"@type":"ImageObject","@id":"https:\/\/www.bumo.cz\/wp-content\/uploads\/img_a343748_w3185_t1557133464.png","url":"https:\/\/www.bumo.cz\/wp-content\/uploads\/img_a343748_w3185_t1557133464.png","height":0,"width":0},"keywords":null},{"@type":"Article","@id":"https:\/\/www.bumo.cz\/vsadte-na-reseni-se-kterym-budete-spokojeni\/","headline":"Vsa\u010fte na \u0159e\u0161en\u00ed, se kter\u00fdm budete spokojeni","url":"https:\/\/www.bumo.cz\/vsadte-na-reseni-se-kterym-budete-spokojeni\/","datePublished":"2017-07-14","dateModified":"2023-04-29","mainEntityOfPage":"https:\/\/www.bumo.cz\/vsadte-na-reseni-se-kterym-budete-spokojeni\/","author":{"@type":"Person","@id":"https:\/\/www.bumo.cz\/author\/#Person","name":"bumo.cz\n","url":"https:\/\/www.bumo.cz\/author\/","identifier":1,"image":{"@type":"ImageObject","@id":"https:\/\/secure.gravatar.com\/avatar\/df9d3e7f7fe4622e291ec02ac46f5f76755ddc91019a65e783baee3892394402?s=96&d=mm&r=g","url":"https:\/\/secure.gravatar.com\/avatar\/df9d3e7f7fe4622e291ec02ac46f5f76755ddc91019a65e783baee3892394402?s=96&d=mm&r=g","height":96,"width":96}},"publisher":{"@type":"Organization","name":"bumo.cz","logo":{"@type":"ImageObject","@id":"\/logo.png","url":"\/logo.png","width":600,"height":60}},"image":{"@type":"ImageObject","@id":"https:\/\/www.bumo.cz\/wp-content\/uploads\/img_a292532_w2067_t1504968123.jpg","url":"https:\/\/www.bumo.cz\/wp-content\/uploads\/img_a292532_w2067_t1504968123.jpg","height":0,"width":0},"keywords":null},{"@type":"Article","@id":"https:\/\/www.bumo.cz\/pomocna-ruka-se-obcas-hodi\/","headline":"Pomocn\u00e1 ruka se ob\u010das hod\u00ed","url":"https:\/\/www.bumo.cz\/pomocna-ruka-se-obcas-hodi\/","datePublished":"2017-06-17","dateModified":"2023-04-29","mainEntityOfPage":"https:\/\/www.bumo.cz\/pomocna-ruka-se-obcas-hodi\/","author":{"@type":"Person","@id":"https:\/\/www.bumo.cz\/author\/#Person","name":"bumo.cz\n","url":"https:\/\/www.bumo.cz\/author\/","identifier":1,"image":{"@type":"ImageObject","@id":"https:\/\/secure.gravatar.com\/avatar\/df9d3e7f7fe4622e291ec02ac46f5f76755ddc91019a65e783baee3892394402?s=96&d=mm&r=g","url":"https:\/\/secure.gravatar.com\/avatar\/df9d3e7f7fe4622e291ec02ac46f5f76755ddc91019a65e783baee3892394402?s=96&d=mm&r=g","height":96,"width":96}},"publisher":{"@type":"Organization","name":"bumo.cz","logo":{"@type":"ImageObject","@id":"\/logo.png","url":"\/logo.png","width":600,"height":60}},"image":{"@type":"ImageObject","@id":"https:\/\/www.bumo.cz\/wp-content\/uploads\/img_a293853_w2067_t1505906205.jpg","url":"https:\/\/www.bumo.cz\/wp-content\/uploads\/img_a293853_w2067_t1505906205.jpg","height":0,"width":0},"keywords":null},{"@type":"Article","@id":"https:\/\/www.bumo.cz\/vstricnost-neni-zarucena\/","headline":"Vst\u0159\u00edcnost nen\u00ed zaru\u010dena","url":"https:\/\/www.bumo.cz\/vstricnost-neni-zarucena\/","datePublished":"2017-04-19","dateModified":"2023-04-29","mainEntityOfPage":"https:\/\/www.bumo.cz\/vstricnost-neni-zarucena\/","author":{"@type":"Person","@id":"https:\/\/www.bumo.cz\/author\/#Person","name":"bumo.cz\n","url":"https:\/\/www.bumo.cz\/author\/","identifier":1,"image":{"@type":"ImageObject","@id":"https:\/\/secure.gravatar.com\/avatar\/df9d3e7f7fe4622e291ec02ac46f5f76755ddc91019a65e783baee3892394402?s=96&d=mm&r=g","url":"https:\/\/secure.gravatar.com\/avatar\/df9d3e7f7fe4622e291ec02ac46f5f76755ddc91019a65e783baee3892394402?s=96&d=mm&r=g","height":96,"width":96}},"publisher":{"@type":"Organization","name":"bumo.cz","logo":{"@type":"ImageObject","@id":"\/logo.png","url":"\/logo.png","width":600,"height":60}},"image":{"@type":"ImageObject","@id":"https:\/\/www.bumo.cz\/wp-content\/uploads\/img_a286717_w2155_t1496583649.jpg","url":"https:\/\/www.bumo.cz\/wp-content\/uploads\/img_a286717_w2155_t1496583649.jpg","height":0,"width":0},"keywords":null}]}