[{"@context":"https:\/\/schema.org\/","@type":"Article","@id":"https:\/\/www.bumo.cz\/i-duchodci-u-nas-podnikaji-a-drzi-nad-vodou-mnohe-byznysy\/#Article","mainEntityOfPage":"https:\/\/www.bumo.cz\/i-duchodci-u-nas-podnikaji-a-drzi-nad-vodou-mnohe-byznysy\/","headline":"I d\u016fchodci u n\u00e1s podnikaj\u00ed a dr\u017e\u00ed nad vodou mnoh\u00e9 byznysy!","name":"I d\u016fchodci u n\u00e1s podnikaj\u00ed a dr\u017e\u00ed nad vodou mnoh\u00e9 byznysy!","description":"Velk\u00e1 \u010d\u00e1st d\u016fchodc\u016f podnikatel\u016f je z \u0159ad t\u011bch, kter\u00e9 za\u010d\u00ednali podnikat u n\u00e1s po revoluci a nyn\u00ed se dost\u00e1vaj\u00ed do d\u016fchodov\u00e9ho v\u011bku. Statistiky a dostupn\u00e9 informace na internetu uv\u00e1d\u00ed, \u017ee, jak bylo uvedeno v \u00favodu, u n\u00e1s podnik\u00e1 t\u00e9m\u011b\u0159 dv\u011b st\u011b tis\u00edc \u017eivnostn\u00edk\u016f senior\u016f. Naopak mlad\u00ed pomalu do podnik\u00e1n\u00ed p\u0159est\u00e1vaj\u00ed chodit a rad\u011bji se dr\u017e\u00ed&hellip; <a href=\"https:\/\/www.bumo.cz\/i-duchodci-u-nas-podnikaji-a-drzi-nad-vodou-mnohe-byznysy\/\">Pokra\u010dovat ve \u010dten\u00ed <span class=\"screen-reader-text\">I d\u016fchodci u n\u00e1s podnikaj\u00ed a dr\u017e\u00ed nad vodou mnoh\u00e9 byznysy!<\/span><\/a>","datePublished":"2025-03-02","dateModified":"2025-03-02","author":{"@type":"Person","@id":"https:\/\/www.bumo.cz\/author\/#Person","name":"bumo.cz\n","url":"https:\/\/www.bumo.cz\/author\/","identifier":1,"image":{"@type":"ImageObject","@id":"https:\/\/secure.gravatar.com\/avatar\/df9d3e7f7fe4622e291ec02ac46f5f76755ddc91019a65e783baee3892394402?s=96&d=mm&r=g","url":"https:\/\/secure.gravatar.com\/avatar\/df9d3e7f7fe4622e291ec02ac46f5f76755ddc91019a65e783baee3892394402?s=96&d=mm&r=g","height":96,"width":96}},"publisher":{"@type":"Organization","name":"bumo.cz","logo":{"@type":"ImageObject","@id":"\/logo.png","url":"\/logo.png","width":600,"height":60}},"image":{"@type":"ImageObject","@id":"https:\/\/www.bumo.cz\/wp-content\/uploads\/img_a318723_w2067_t1529585831.jpg","url":"https:\/\/www.bumo.cz\/wp-content\/uploads\/img_a318723_w2067_t1529585831.jpg","height":0,"width":0},"url":"https:\/\/www.bumo.cz\/i-duchodci-u-nas-podnikaji-a-drzi-nad-vodou-mnohe-byznysy\/","about":["Business"],"wordCount":494,"articleBody":"Velk\u00e1 \u010d\u00e1st d\u016fchodc\u016f podnikatel\u016f je z \u0159ad t\u011bch, kter\u00e9 za\u010d\u00ednali podnikat u n\u00e1s po revoluci a nyn\u00ed se dost\u00e1vaj\u00ed do d\u016fchodov\u00e9ho v\u011bku. Statistiky a dostupn\u00e9 informace na internetu uv\u00e1d\u00ed, \u017ee, jak bylo uvedeno v \u00favodu, u n\u00e1s podnik\u00e1 t\u00e9m\u011b\u0159 dv\u011b st\u011b tis\u00edc \u017eivnostn\u00edk\u016f senior\u016f. Naopak mlad\u00ed pomalu do podnik\u00e1n\u00ed p\u0159est\u00e1vaj\u00ed chodit a rad\u011bji se dr\u017e\u00ed zam\u011bstn\u00e1n\u00ed ve velk\u00fdch a stabiln\u00edch firm\u00e1ch. Podle statistik tak u n\u00e1s podnik\u00e1 v\u00edce lid\u00ed star\u0161\u00edch 61 let ne\u017e lid\u00ed mlad\u0161\u00edch 36 let.Podnik\u00e1n\u00ed d\u016fchodc\u016f je pot\u0159eba u n\u00e1s \u0159\u00e1dn\u011b podporovat, proto\u017ee pokud tak na\u0161e zem\u011b neu\u010din\u00ed, brzy se dostaneme do situace, \u017ee budeme m\u00edt probl\u00e9my v\u0161ichni, nejen tito d\u016fchodci. \u00dabytek \u017eivnostn\u00edk\u016f mlad\u00e9ho v\u011bku by tak mohl zp\u016fsobit dostupnost drobn\u00e9ho obchodu, \u0159emesla \u010di mal\u00e9ho zem\u011bd\u011blstv\u00ed.Nejv\u011bt\u0161\u00ed p\u0159ek\u00e1\u017ekou pro zv\u00fd\u0161en\u00ed po\u010dtu podnikaj\u00edc\u00edch d\u016fchodc\u016f se st\u00e1v\u00e1 nar\u016fstaj\u00edc\u00ed byrokracie, omezen\u00ed a z\u00e1kazy, se kter\u00fdmi si sami neum\u00ed \u017eivnostn\u00edci vy\u0161\u0161\u00edho v\u011bku poradit. A\u017e 40 % sv\u00e9ho pracovn\u00edho \u010dasu str\u00e1v\u00ed b\u011b\u017en\u00fd \u017eivnostn\u00edk administrativou, nam\u00edsto toho, aby se koncentroval na v\u00fdkon sv\u00e9 obchodn\u00ed \u010dinnosti.\u00a0Podle odborn\u00edk\u016f je pot\u0159eba \u017eivnostn\u00edk\u016fm uleh\u010dit pr\u00e1ci a podnikatel\u016fm v d\u016fchodov\u00e9m v\u011bku i da\u0148ov\u011b vyj\u00edt vst\u0159\u00edc.Maloobchod je v kurzuD\u016fchodci, kte\u0159\u00ed podnikaj\u00ed \u010dekaj\u00ed oporu nejen v rodin\u011b, ale tak\u00e9 od st\u00e1tu a \u00fa\u0159ad\u016f, co\u017e se ned\u011bje. Informace, kter\u00e9 jsou dostupn\u00e9 n\u00e1m v\u0161em \u010dasto z\u016fst\u00e1vaj\u00ed d\u016fchodc\u016fm utajeny, vzhledem k rychle se vyv\u00edjej\u00edc\u00ed informa\u010dn\u00ed technologii.Nejv\u00edce aktivn\u00edch je v oboru mal\u00e9ho obchodu, administrativ\u011b a samoz\u0159ejm\u011b pedagogice, v\u00fdrob\u011b a hlavn\u011b poradenstv\u00ed.Na t\u011bchto zku\u0161en\u00fdch osob\u00e1ch je t\u0159eba si v\u00e1\u017eit nejen zku\u0161enost\u00ed, ale tak\u00e9 spolehlivosti a zodpov\u011bdnosti. M\u016f\u017ee se st\u00e1t, \u017ee rychlost pr\u00e1ce \u010di vyu\u017e\u00edv\u00e1n\u00ed nov\u00fdch technologi\u00ed nen\u00ed tak dobr\u00e1, jako u mlad\u0161\u00edch ro\u010dn\u00edk\u016f, nicm\u00e9n\u011b zm\u00edn\u011bn\u00e9 klady t\u011bchto pracuj\u00edc\u00edch mnohon\u00e1sobn\u011b p\u0159ev\u00fd\u0161\u00ed z\u00e1pory.Z toho d\u016fvodu se osoby star\u0161\u00ed \u0161edes\u00e1ti let v posledn\u00edch letech udr\u017euj\u00ed ve firm\u00e1ch i jako zam\u011bstnanci na zkr\u00e1cen\u00e9 \u00favazky \u010di na pln\u00e9 \u00favazky.Mlad\u00ed nejsou tahouny ekonomikyPodle v\u0161eho se d\u00e1 \u0159\u00edci, \u017ee aktivn\u00ed senio\u0159i celkov\u00e9 p\u0159isp\u00edvaj\u00ed na\u0161\u00ed ekonomice v\u00edce ne\u017e moment\u00e1ln\u011b vysoko\u0161kolsky vzd\u011blan\u00ed lid\u00e9, kte\u0159\u00ed se narodili a dosp\u011bli po revoluci. Tito b\u00fdvaj\u00ed toti\u017e nedbal\u00fdmi, nezodpov\u011bdn\u00fdmi zam\u011bstnanci s velmi vysok\u00fdm sebehodnocen\u00edm neodpov\u00eddaj\u00edc\u00edm sv\u00fdm pracovn\u00edm v\u00fdkon\u016fm a s nulovou sebereflex\u00ed.\u00a0                                                                                                                                                                                                                                                                                                                                                                                        4.4\/5 - (8 votes)        "},{"@context":"https:\/\/schema.org\/","@type":"BreadcrumbList","itemListElement":[{"@type":"ListItem","position":1,"name":"I d\u016fchodci u n\u00e1s podnikaj\u00ed a dr\u017e\u00ed nad vodou mnoh\u00e9 byznysy!","item":"https:\/\/www.bumo.cz\/i-duchodci-u-nas-podnikaji-a-drzi-nad-vodou-mnohe-byznysy\/#breadcrumbitem"}]}]