[{"@context":"https:\/\/schema.org\/","@type":"Article","@id":"https:\/\/www.bumo.cz\/kdy-si-na-likvidaci-odpadu-a-nepotrebnych-veci-pozvat-profesionaly\/#Article","mainEntityOfPage":"https:\/\/www.bumo.cz\/kdy-si-na-likvidaci-odpadu-a-nepotrebnych-veci-pozvat-profesionaly\/","headline":"Kdy si na likvidaci odpadu a nepot\u0159ebn\u00fdch v\u011bc\u00ed pozvat profesion\u00e1ly","name":"Kdy si na likvidaci odpadu a nepot\u0159ebn\u00fdch v\u011bc\u00ed pozvat profesion\u00e1ly","description":"Kdy\u017e je toho moc Vyklidit polopr\u00e1zdn\u00fd byt, kde jeho p\u016fvodn\u00ed majitel zanechal pouze koberce, sv\u00edtidla, starou chladni\u010dku a p\u00e1r drobnost\u00ed v krabic\u00edch zvl\u00e1dnete sami. N\u011bkdy na to sta\u010d\u00ed v\u016fz s ta\u017en\u00fdm za\u0159\u00edzen\u00edm a p\u0159\u00edv\u011bsn\u00fd voz\u00edk. Ale co kdy\u017e je ve h\u0159e n\u011bkolik zcela zapln\u011bn\u00fdch prostor r\u016fzn\u00fdmi v\u011bcmi? N\u011bco takov\u00e9ho se v\u00e1m m\u016f\u017ee p\u0159ihodit nap\u0159\u00edklad p\u0159i&hellip; <a href=\"https:\/\/www.bumo.cz\/kdy-si-na-likvidaci-odpadu-a-nepotrebnych-veci-pozvat-profesionaly\/\">Pokra\u010dovat ve \u010dten\u00ed <span class=\"screen-reader-text\">Kdy si na likvidaci odpadu a nepot\u0159ebn\u00fdch v\u011bc\u00ed pozvat profesion\u00e1ly<\/span><\/a>","datePublished":"2023-01-10","dateModified":"2023-12-12","author":{"@type":"Person","@id":"https:\/\/www.bumo.cz\/author\/#Person","name":"bumo.cz\n","url":"https:\/\/www.bumo.cz\/author\/","identifier":1,"image":{"@type":"ImageObject","@id":"https:\/\/secure.gravatar.com\/avatar\/df9d3e7f7fe4622e291ec02ac46f5f76755ddc91019a65e783baee3892394402?s=96&d=mm&r=g","url":"https:\/\/secure.gravatar.com\/avatar\/df9d3e7f7fe4622e291ec02ac46f5f76755ddc91019a65e783baee3892394402?s=96&d=mm&r=g","height":96,"width":96}},"publisher":{"@type":"Organization","name":"bumo.cz","logo":{"@type":"ImageObject","@id":"\/logo.png","url":"\/logo.png","width":600,"height":60}},"image":{"@type":"ImageObject","@id":"https:\/\/www.bumo.cz\/wp-content\/uploads\/house-g43e3571dc_640.jpg","url":"https:\/\/www.bumo.cz\/wp-content\/uploads\/house-g43e3571dc_640.jpg","height":0,"width":0},"url":"https:\/\/www.bumo.cz\/kdy-si-na-likvidaci-odpadu-a-nepotrebnych-veci-pozvat-profesionaly\/","about":["Business"],"wordCount":440,"articleBody":"   Kdy\u017e je toho mocVyklidit polopr\u00e1zdn\u00fd byt, kde jeho p\u016fvodn\u00ed majitel zanechal pouze koberce, sv\u00edtidla, starou chladni\u010dku a p\u00e1r drobnost\u00ed v krabic\u00edch zvl\u00e1dnete sami. N\u011bkdy na to sta\u010d\u00ed v\u016fz s ta\u017en\u00fdm za\u0159\u00edzen\u00edm a p\u0159\u00edv\u011bsn\u00fd voz\u00edk. Ale co kdy\u017e je ve h\u0159e n\u011bkolik zcela zapln\u011bn\u00fdch prostor r\u016fzn\u00fdmi v\u011bcmi? N\u011bco takov\u00e9ho se v\u00e1m m\u016f\u017ee p\u0159ihodit nap\u0159\u00edklad p\u0159i koupi star\u0161\u00edho domu, kde jsou ve sklep\u00edch nah\u00e1zen\u00e9 zbytky stavebn\u00edho materi\u00e1lu, plesniv\u00e9 ovoce, nepot\u0159ebn\u00e9 star\u00e9 sportovn\u00ed pot\u0159eby, nepot\u0159ebn\u00e9 a nefunk\u010dn\u00ed spot\u0159ebi\u010de, star\u00e1 okna a dve\u0159e atp. Nechte rad\u011bji likvidaci odpadu a nepot\u0159ebn\u00fdch v\u011bc\u00ed na profesion\u00e1lech, kte\u0159\u00ed si s t\u00edm porad\u00ed ve velmi kr\u00e1tk\u00e9m \u010dase.Kdy\u017e je to nad va\u0161e s\u00edlyKa\u017ed\u00fd nen\u00ed sil\u00e1k, aby se tahal s \u0161edes\u00e1tikilovou automatickou pra\u010dkou nebo se star\u00fdm klav\u00edrem \u010di staro\u017eitn\u00fdm n\u00e1bytkem. N\u011bkdy d\u00e1 zabrat i docela oby\u010dejn\u00fd v\u011bt\u0161\u00ed koberec, kter\u00fd je obt\u00ed\u017en\u00e9 roz\u0159ezat a mus\u00edte jej vyn\u00e1\u0161et vcelku. Spousta p\u0159edm\u011bt\u016f v zanedban\u00fdch domech ur\u010den\u00fdch k rekonstrukci b\u00fdv\u00e1 tak\u00e9 za\u0161pin\u011bn\u00e1, zapr\u00e1\u0161en\u00e1 nebo pokryt\u00e1 pl\u00edsn\u00ed. S t\u00edm v\u0161\u00edm profesion\u00e1lov\u00e9 po\u010d\u00edtaj\u00ed a dovedou si poradit vzhledem k tomu, \u017ee pou\u017e\u00edvaj\u00ed ochrann\u00e9 pom\u016fcky a maj\u00ed na vykl\u00edzen\u00ed i pot\u0159ebnou techniku. Pro amat\u00e9ra m\u016f\u017ee b\u00fdt takov\u00fd proces nad jeho s\u00edly.Kdy\u017e nem\u00e1te \u010dasMo\u017en\u00e1, \u017ee byste si dok\u00e1zali poradit s vykl\u00edzen\u00edm sami, ale nem\u00e1te na to pot\u0159ebn\u00fd dostatek \u010dasu. Jste pracovn\u011b vyt\u00ed\u017een\u00ed anebo v\u00e1s tla\u010d\u00ed \u010das k prodeji nemovitosti. Takov\u00e9to p\u0159\u00edpady se st\u00e1vaj\u00ed pom\u011brn\u011b \u010dasto, proto\u017ee dnes je mnoho lid\u00ed zanepr\u00e1zdn\u011bno kv\u016fli zam\u011bstn\u00e1n\u00ed, p\u00e9\u010di o rodi\u010de v seniorsk\u00e9m v\u011bku, p\u00e9\u010di o d\u011bti atp. \u017d\u00edt v sou\u010dasn\u00e9m sv\u011bt\u011b nen\u00ed snadn\u00e9, i kdy\u017e jsme obklopeni modern\u00edmi technologiemi, proto\u017ee je mezi n\u00e1mi mnoho negativn\u011b sm\u00fd\u0161lej\u00edc\u00edch lid\u00ed, kte\u0159\u00ed nam\u00edsto spolupr\u00e1ce podl\u00e9haj\u00ed korupci, klientelismu, z\u00e1visti, r\u016fzn\u00fdm nen\u00e1vistn\u00fdm tendenc\u00edm a dal\u0161\u00edm negativn\u00edm jev\u016fm. D\u00edky tomu jsme tak\u00e9 \u010dastokr\u00e1t ve stresu a naj\u00edt si \u010das na odpo\u010dinek je \u010d\u00edm d\u00e1l obt\u00ed\u017en\u011bj\u0161\u00ed, nato\u017e na vykl\u00edzen\u00ed nemovitost\u00ed.                                                                                                                                                                                                                                                                                                                                                                                          4.9\/5 - (8 votes)        "},{"@context":"https:\/\/schema.org\/","@type":"BreadcrumbList","itemListElement":[{"@type":"ListItem","position":1,"name":"Kdy si na likvidaci odpadu a nepot\u0159ebn\u00fdch v\u011bc\u00ed pozvat profesion\u00e1ly","item":"https:\/\/www.bumo.cz\/kdy-si-na-likvidaci-odpadu-a-nepotrebnych-veci-pozvat-profesionaly\/#breadcrumbitem"}]}]