[{"@context":"https:\/\/schema.org\/","@type":"Article","@id":"https:\/\/www.bumo.cz\/kralovna-zahrad\/#Article","mainEntityOfPage":"https:\/\/www.bumo.cz\/kralovna-zahrad\/","headline":"Kr\u00e1lovna zahrad","name":"Kr\u00e1lovna zahrad","description":"Ke\u0159\u00edk kaliny bodnatsk\u00e9 m\u016f\u017eeme pro jej\u00ed schopnost p\u0159e\u010dk\u00e1vat i tu nejmraziv\u011bj\u0161\u00ed zimu a dokonce b\u011bhem zimn\u00edho obdob\u00ed i kv\u00e9st, s klidem nazvat Zimn\u00ed kr\u00e1lovnou zahrad. \u00a0Jde o opadav\u00fd ke\u0159, kter\u00fd ustoj\u00ed i chladn\u011bj\u0161\u00ed klima, a je proto vhodn\u00e1 i do zahr\u00e1dek, kter\u00e9 jsou polo\u017een\u00e9 ve vy\u0161\u0161\u00edch oblastech. Kalina bodnatsk\u00e1 m\u00e1 r\u016f\u017eov\u00e9 kv\u011bty, kter\u00e9 jsou uspo\u0159\u00e1d\u00e1ny&hellip; <a href=\"https:\/\/www.bumo.cz\/kralovna-zahrad\/\">Pokra\u010dovat ve \u010dten\u00ed <span class=\"screen-reader-text\">Kr\u00e1lovna zahrad<\/span><\/a>","datePublished":"2025-03-07","dateModified":"2023-04-29","author":{"@type":"Person","@id":"https:\/\/www.bumo.cz\/author\/#Person","name":"bumo.cz\n","url":"https:\/\/www.bumo.cz\/author\/","identifier":1,"image":{"@type":"ImageObject","@id":"https:\/\/secure.gravatar.com\/avatar\/df9d3e7f7fe4622e291ec02ac46f5f76755ddc91019a65e783baee3892394402?s=96&d=mm&r=g","url":"https:\/\/secure.gravatar.com\/avatar\/df9d3e7f7fe4622e291ec02ac46f5f76755ddc91019a65e783baee3892394402?s=96&d=mm&r=g","height":96,"width":96}},"publisher":{"@type":"Organization","name":"bumo.cz","logo":{"@type":"ImageObject","@id":"\/logo.png","url":"\/logo.png","width":600,"height":60}},"image":{"@type":"ImageObject","@id":"https:\/\/www.bumo.cz\/wp-content\/uploads\/img_a289736_w2067_t1501186651.jpg","url":"https:\/\/www.bumo.cz\/wp-content\/uploads\/img_a289736_w2067_t1501186651.jpg","height":0,"width":0},"url":"https:\/\/www.bumo.cz\/kralovna-zahrad\/","about":["D\u016fm a zahrada"],"wordCount":413,"articleBody":"Ke\u0159\u00edk kaliny bodnatsk\u00e9 m\u016f\u017eeme pro jej\u00ed schopnost p\u0159e\u010dk\u00e1vat i tu nejmraziv\u011bj\u0161\u00ed zimu a dokonce b\u011bhem zimn\u00edho obdob\u00ed i kv\u00e9st, s klidem nazvat Zimn\u00ed kr\u00e1lovnou zahrad. \u00a0Jde o opadav\u00fd ke\u0159, kter\u00fd ustoj\u00ed i chladn\u011bj\u0161\u00ed klima, a je proto vhodn\u00e1 i do zahr\u00e1dek, kter\u00e9 jsou polo\u017een\u00e9 ve vy\u0161\u0161\u00edch oblastech. Kalina bodnatsk\u00e1 m\u00e1 r\u016f\u017eov\u00e9 kv\u011bty, kter\u00e9 jsou uspo\u0159\u00e1d\u00e1ny do mal\u00fdch, svazkov\u00fdch l\u00e1t, a je vyhl\u00e1\u0161ena svoj\u00ed n\u00e1dhernou von\u00ed. V l\u00e9t\u011b tato rostlina odpo\u010d\u00edv\u00e1 a na podzim je nep\u0159ehl\u00e9dnuteln\u00e1 sv\u00fdmi kr\u00e1sn\u00fdmi barvami.Pozd\u011bji shazuje i listy. Kalina bodnatsk\u00e1 m\u016f\u017ee dor\u016fst v\u00fd\u0161ky a\u017e dva metry. Z tohoto d\u016fvodu je velice vhodn\u00e9 ji um\u00edstit ve skupinov\u00e9 v\u00fdsadb\u011b, kde se bude vyj\u00edmat. Nap\u0159\u00edklad v rohu, nebo okraji zahr\u00e1dek. Tento druh kaliny byl vy\u0161lecht\u011bn p\u0159\u00edmo pro p\u011bstov\u00e1n\u00ed v zahrad\u00e1ch. P\u016fvodem poch\u00e1z\u00ed ke\u0159 kaliny z k\u0159ovin a les\u016f severn\u00ed polokoule, ale tak\u00e9 z oblast\u00ed, kde je m\u00edrn\u011b tepl\u00e9 p\u00e1smo.\tOkrasn\u00fd ke\u0159Kaliny jsou s oblibou p\u011bstov\u00e1ny v zahrad\u00e1ch pro jejich b\u00edl\u00e9 nebo r\u016f\u017eov\u00e9 kv\u011bty, kter\u00e9 kr\u00e1sn\u011b von\u00ed. Na podzim kaliny zabarv\u00ed sv\u00e9 listy do v\u00ednov\u00e9 barvy. Plody maj\u00ed kaliny kulovit\u00e9ho nebo vej\u010dit\u00e9ho tvaru, jsou zbarven\u00e9 do \u010dervena a modra, nebo jsou plody mourovat\u011b \u010dern\u00e9. Na plodech si potom pochutn\u00e1vaj\u00ed zp\u011bvav\u00ed pt\u00e1ci. Nejl\u00e9pe se da\u0159\u00ed kalin\u011b bodnadsk\u00e9 na n\u011bjak\u00e9m slunn\u00e9m, anebo polo stinn\u00e9m m\u00edst\u011b, kde je chr\u00e1n\u011bna p\u0159ed studen\u00fdm v\u011btrem. Jako ide\u00e1ln\u00ed jsou, nejsp\u00ed\u0161 m\u00edsta pod\u011bl zd\u00ed. P\u016fda, do kter\u00e9 kalinu vysazujeme, by m\u011bla b\u00fdt m\u00edrn\u011b kysel\u00e1 a naprostou absenc\u00ed v\u00e1pna. Ke\u0159 se d\u00e1 velice snadno vyp\u011bstovat ze sem\u00ednek, ale m\u016f\u017eeme jej namno\u017eit i pomoc\u00ed \u0159\u00edzk\u016f.\tKalina v ohro\u017een\u00edKalina bodnatsk\u00e1 b\u00fdv\u00e1 velmi \u010dasto napad\u00e1na t\u011bmito \u0161k\u016fdci:\u00fc\u00a0 Housenky. V tom p\u0159\u00edpad\u011b je t\u0159eba v \u010das zas\u00e1hnout, jinak tito \u0161k\u016fdci o\u017eerou kalinu a\u017e hol\u00e9 v\u011btve.\u00fc\u00a0 M\u0161ice.Mimo to b\u00fdvaj\u00ed kaliny \u010dasto posti\u017eeny listovou skvrnitost\u00ed a v\u00e1clavkou.Velmi \u010dasto jsou kaliny k\u00a0vid\u011bn\u00ed tak\u00e9 v\u00a0m\u011bstsk\u00fdch parc\u00edch, kde sv\u00fdmi plody l\u00e1kaj\u00ed rozli\u010dn\u00e9 ptactvo.                                                                                                                                                                                                                                                                                                                                                                                        3.7\/5 - (7 votes)        "},{"@context":"https:\/\/schema.org\/","@type":"BreadcrumbList","itemListElement":[{"@type":"ListItem","position":1,"name":"Kr\u00e1lovna zahrad","item":"https:\/\/www.bumo.cz\/kralovna-zahrad\/#breadcrumbitem"}]}]