[{"@context":"https:\/\/schema.org\/","@type":"Blog","@id":"https:\/\/www.bumo.cz#Blog","headline":"Bumo","description":"\nM\u00e1te r\u00e1di chv\u00edle, p\u0159i kter\u00fdch si m\u016f\u017eete n\u011bco zaj\u00edmav\u00e9 p\u0159e\u010d\u00edst? Chcete zdroj \u010dten\u00ed, kter\u00fd je po\u0159\u00e1d s v\u00e1mi? To um\u00ed n\u00e1\u0161 jedine\u010dn\u00fd online magaz\u00edn a jeho obsah.","url":"https:\/\/www.bumo.cz","hasPart":[{"@type":"Article","@id":"https:\/\/www.bumo.cz\/spravny-podnikatel-by-se-mel-umet-chovat-ke-svym-zamestnancum\/","headline":"Spr\u00e1vn\u00fd podnikatel by se m\u011bl um\u011bt chovat ke sv\u00fdm zam\u011bstnanc\u016fm","url":"https:\/\/www.bumo.cz\/spravny-podnikatel-by-se-mel-umet-chovat-ke-svym-zamestnancum\/","datePublished":"2025-03-06","dateModified":"2023-04-29","mainEntityOfPage":"https:\/\/www.bumo.cz\/spravny-podnikatel-by-se-mel-umet-chovat-ke-svym-zamestnancum\/","author":{"@type":"Person","@id":"https:\/\/www.bumo.cz\/author\/#Person","name":"bumo.cz\n","url":"https:\/\/www.bumo.cz\/author\/","identifier":1,"image":{"@type":"ImageObject","@id":"https:\/\/secure.gravatar.com\/avatar\/df9d3e7f7fe4622e291ec02ac46f5f76755ddc91019a65e783baee3892394402?s=96&d=mm&r=g","url":"https:\/\/secure.gravatar.com\/avatar\/df9d3e7f7fe4622e291ec02ac46f5f76755ddc91019a65e783baee3892394402?s=96&d=mm&r=g","height":96,"width":96}},"publisher":{"@type":"Organization","name":"bumo.cz","logo":{"@type":"ImageObject","@id":"\/logo.png","url":"\/logo.png","width":600,"height":60}},"image":{"@type":"ImageObject","@id":"https:\/\/www.bumo.cz\/wp-content\/uploads\/img_a289706_w1775_t1501168586.jpg","url":"https:\/\/www.bumo.cz\/wp-content\/uploads\/img_a289706_w1775_t1501168586.jpg","height":0,"width":0},"wordCount":663,"keywords":null},{"@type":"Article","@id":"https:\/\/www.bumo.cz\/vsude-se-daji-najit-zajimave-nabidky-na-zamestnani\/","headline":"V\u0161ude se daj\u00ed naj\u00edt zaj\u00edmav\u00e9 nab\u00eddky na zam\u011bstn\u00e1n\u00ed","url":"https:\/\/www.bumo.cz\/vsude-se-daji-najit-zajimave-nabidky-na-zamestnani\/","datePublished":"2025-03-06","dateModified":"2025-03-06","mainEntityOfPage":"https:\/\/www.bumo.cz\/vsude-se-daji-najit-zajimave-nabidky-na-zamestnani\/","author":{"@type":"Person","@id":"https:\/\/www.bumo.cz\/author\/#Person","name":"bumo.cz\n","url":"https:\/\/www.bumo.cz\/author\/","identifier":1,"image":{"@type":"ImageObject","@id":"https:\/\/secure.gravatar.com\/avatar\/df9d3e7f7fe4622e291ec02ac46f5f76755ddc91019a65e783baee3892394402?s=96&d=mm&r=g","url":"https:\/\/secure.gravatar.com\/avatar\/df9d3e7f7fe4622e291ec02ac46f5f76755ddc91019a65e783baee3892394402?s=96&d=mm&r=g","height":96,"width":96}},"publisher":{"@type":"Organization","name":"bumo.cz","logo":{"@type":"ImageObject","@id":"\/logo.png","url":"\/logo.png","width":600,"height":60}},"image":null,"wordCount":198,"keywords":null},{"@type":"Article","@id":"https:\/\/www.bumo.cz\/podzimni-sako\/","headline":"Podzimn\u00ed sako","url":"https:\/\/www.bumo.cz\/podzimni-sako\/","datePublished":"2025-03-05","dateModified":"2023-04-29","mainEntityOfPage":"https:\/\/www.bumo.cz\/podzimni-sako\/","author":{"@type":"Person","@id":"https:\/\/www.bumo.cz\/author\/#Person","name":"bumo.cz\n","url":"https:\/\/www.bumo.cz\/author\/","identifier":1,"image":{"@type":"ImageObject","@id":"https:\/\/secure.gravatar.com\/avatar\/df9d3e7f7fe4622e291ec02ac46f5f76755ddc91019a65e783baee3892394402?s=96&d=mm&r=g","url":"https:\/\/secure.gravatar.com\/avatar\/df9d3e7f7fe4622e291ec02ac46f5f76755ddc91019a65e783baee3892394402?s=96&d=mm&r=g","height":96,"width":96}},"publisher":{"@type":"Organization","name":"bumo.cz","logo":{"@type":"ImageObject","@id":"\/logo.png","url":"\/logo.png","width":600,"height":60}},"image":{"@type":"ImageObject","@id":"https:\/\/www.bumo.cz\/wp-content\/uploads\/img_a304499_w2067_t1515571932.jpg","url":"https:\/\/www.bumo.cz\/wp-content\/uploads\/img_a304499_w2067_t1515571932.jpg","height":0,"width":0},"wordCount":485,"keywords":null},{"@type":"Article","@id":"https:\/\/www.bumo.cz\/jak-vybrat-spravnou-nemovitost\/","headline":"Jak vybrat spr\u00e1vnou nemovitost","url":"https:\/\/www.bumo.cz\/jak-vybrat-spravnou-nemovitost\/","datePublished":"2025-03-05","dateModified":"2023-04-29","mainEntityOfPage":"https:\/\/www.bumo.cz\/jak-vybrat-spravnou-nemovitost\/","author":{"@type":"Person","@id":"https:\/\/www.bumo.cz\/author\/#Person","name":"bumo.cz\n","url":"https:\/\/www.bumo.cz\/author\/","identifier":1,"image":{"@type":"ImageObject","@id":"https:\/\/secure.gravatar.com\/avatar\/df9d3e7f7fe4622e291ec02ac46f5f76755ddc91019a65e783baee3892394402?s=96&d=mm&r=g","url":"https:\/\/secure.gravatar.com\/avatar\/df9d3e7f7fe4622e291ec02ac46f5f76755ddc91019a65e783baee3892394402?s=96&d=mm&r=g","height":96,"width":96}},"publisher":{"@type":"Organization","name":"bumo.cz","logo":{"@type":"ImageObject","@id":"\/logo.png","url":"\/logo.png","width":600,"height":60}},"image":{"@type":"ImageObject","@id":"https:\/\/www.bumo.cz\/wp-content\/uploads\/img_a305344_w2067_t1516872408.jpg","url":"https:\/\/www.bumo.cz\/wp-content\/uploads\/img_a305344_w2067_t1516872408.jpg","height":0,"width":0},"wordCount":694,"keywords":null},{"@type":"Article","@id":"https:\/\/www.bumo.cz\/krasy-blanenskeho-lesa\/","headline":"Kr\u00e1sy Blanensk\u00e9ho lesa","url":"https:\/\/www.bumo.cz\/krasy-blanenskeho-lesa\/","datePublished":"2025-03-05","dateModified":"2025-03-05","mainEntityOfPage":"https:\/\/www.bumo.cz\/krasy-blanenskeho-lesa\/","author":{"@type":"Person","@id":"https:\/\/www.bumo.cz\/author\/#Person","name":"bumo.cz\n","url":"https:\/\/www.bumo.cz\/author\/","identifier":1,"image":{"@type":"ImageObject","@id":"https:\/\/secure.gravatar.com\/avatar\/df9d3e7f7fe4622e291ec02ac46f5f76755ddc91019a65e783baee3892394402?s=96&d=mm&r=g","url":"https:\/\/secure.gravatar.com\/avatar\/df9d3e7f7fe4622e291ec02ac46f5f76755ddc91019a65e783baee3892394402?s=96&d=mm&r=g","height":96,"width":96}},"publisher":{"@type":"Organization","name":"bumo.cz","logo":{"@type":"ImageObject","@id":"\/logo.png","url":"\/logo.png","width":600,"height":60}},"image":{"@type":"ImageObject","@id":"https:\/\/www.bumo.cz\/wp-content\/uploads\/img_a314359_w2067_t1525158521.jpg","url":"https:\/\/www.bumo.cz\/wp-content\/uploads\/img_a314359_w2067_t1525158521.jpg","height":0,"width":0},"wordCount":506,"keywords":null},{"@type":"Article","@id":"https:\/\/www.bumo.cz\/zimni-zahrada\/","headline":"Zimn\u00ed zahrada","url":"https:\/\/www.bumo.cz\/zimni-zahrada\/","datePublished":"2025-03-04","dateModified":"2023-04-29","mainEntityOfPage":"https:\/\/www.bumo.cz\/zimni-zahrada\/","author":{"@type":"Person","@id":"https:\/\/www.bumo.cz\/author\/#Person","name":"bumo.cz\n","url":"https:\/\/www.bumo.cz\/author\/","identifier":1,"image":{"@type":"ImageObject","@id":"https:\/\/secure.gravatar.com\/avatar\/df9d3e7f7fe4622e291ec02ac46f5f76755ddc91019a65e783baee3892394402?s=96&d=mm&r=g","url":"https:\/\/secure.gravatar.com\/avatar\/df9d3e7f7fe4622e291ec02ac46f5f76755ddc91019a65e783baee3892394402?s=96&d=mm&r=g","height":96,"width":96}},"publisher":{"@type":"Organization","name":"bumo.cz","logo":{"@type":"ImageObject","@id":"\/logo.png","url":"\/logo.png","width":600,"height":60}},"image":{"@type":"ImageObject","@id":"https:\/\/www.bumo.cz\/wp-content\/uploads\/img_a303109_w2067_t1513271610.jpg","url":"https:\/\/www.bumo.cz\/wp-content\/uploads\/img_a303109_w2067_t1513271610.jpg","height":0,"width":0},"wordCount":537,"keywords":null},{"@type":"Article","@id":"https:\/\/www.bumo.cz\/pripravujete-si-jidlo-doma-a-vyhnete-se-polotovarum\/","headline":"P\u0159ipravujete si j\u00eddlo doma a vyhn\u011bte se polotovar\u016fm!","url":"https:\/\/www.bumo.cz\/pripravujete-si-jidlo-doma-a-vyhnete-se-polotovarum\/","datePublished":"2025-03-04","dateModified":"2025-03-04","mainEntityOfPage":"https:\/\/www.bumo.cz\/pripravujete-si-jidlo-doma-a-vyhnete-se-polotovarum\/","author":{"@type":"Person","@id":"https:\/\/www.bumo.cz\/author\/#Person","name":"bumo.cz\n","url":"https:\/\/www.bumo.cz\/author\/","identifier":1,"image":{"@type":"ImageObject","@id":"https:\/\/secure.gravatar.com\/avatar\/df9d3e7f7fe4622e291ec02ac46f5f76755ddc91019a65e783baee3892394402?s=96&d=mm&r=g","url":"https:\/\/secure.gravatar.com\/avatar\/df9d3e7f7fe4622e291ec02ac46f5f76755ddc91019a65e783baee3892394402?s=96&d=mm&r=g","height":96,"width":96}},"publisher":{"@type":"Organization","name":"bumo.cz","logo":{"@type":"ImageObject","@id":"\/logo.png","url":"\/logo.png","width":600,"height":60}},"image":{"@type":"ImageObject","@id":"https:\/\/www.bumo.cz\/wp-content\/uploads\/img_a339510_w2067_t1552741098.jpg","url":"https:\/\/www.bumo.cz\/wp-content\/uploads\/img_a339510_w2067_t1552741098.jpg","height":0,"width":0},"wordCount":4571,"keywords":null},{"@type":"Article","@id":"https:\/\/www.bumo.cz\/postupujme-rychle-a-tvorme-weby-jednoduse\/","headline":"Postupujme rychle a tvo\u0159me weby jednodu\u0161e","url":"https:\/\/www.bumo.cz\/postupujme-rychle-a-tvorme-weby-jednoduse\/","datePublished":"2025-03-04","dateModified":"2025-03-04","mainEntityOfPage":"https:\/\/www.bumo.cz\/postupujme-rychle-a-tvorme-weby-jednoduse\/","author":{"@type":"Person","@id":"https:\/\/www.bumo.cz\/author\/#Person","name":"bumo.cz\n","url":"https:\/\/www.bumo.cz\/author\/","identifier":1,"image":{"@type":"ImageObject","@id":"https:\/\/secure.gravatar.com\/avatar\/df9d3e7f7fe4622e291ec02ac46f5f76755ddc91019a65e783baee3892394402?s=96&d=mm&r=g","url":"https:\/\/secure.gravatar.com\/avatar\/df9d3e7f7fe4622e291ec02ac46f5f76755ddc91019a65e783baee3892394402?s=96&d=mm&r=g","height":96,"width":96}},"publisher":{"@type":"Organization","name":"bumo.cz","logo":{"@type":"ImageObject","@id":"\/logo.png","url":"\/logo.png","width":600,"height":60}},"image":{"@type":"ImageObject","@id":"https:\/\/www.bumo.cz\/wp-content\/uploads\/img_a310081_w2067_t1521027560.png","url":"https:\/\/www.bumo.cz\/wp-content\/uploads\/img_a310081_w2067_t1521027560.png","height":0,"width":0},"wordCount":738,"keywords":null},{"@type":"Article","@id":"https:\/\/www.bumo.cz\/myty-a-predsudky-ve-svete-podnikani\/","headline":"M\u00fdty a p\u0159edsudky ve sv\u011bt\u011b podnik\u00e1n\u00ed","url":"https:\/\/www.bumo.cz\/myty-a-predsudky-ve-svete-podnikani\/","datePublished":"2025-03-04","dateModified":"2023-04-29","mainEntityOfPage":"https:\/\/www.bumo.cz\/myty-a-predsudky-ve-svete-podnikani\/","author":{"@type":"Person","@id":"https:\/\/www.bumo.cz\/author\/#Person","name":"bumo.cz\n","url":"https:\/\/www.bumo.cz\/author\/","identifier":1,"image":{"@type":"ImageObject","@id":"https:\/\/secure.gravatar.com\/avatar\/df9d3e7f7fe4622e291ec02ac46f5f76755ddc91019a65e783baee3892394402?s=96&d=mm&r=g","url":"https:\/\/secure.gravatar.com\/avatar\/df9d3e7f7fe4622e291ec02ac46f5f76755ddc91019a65e783baee3892394402?s=96&d=mm&r=g","height":96,"width":96}},"publisher":{"@type":"Organization","name":"bumo.cz","logo":{"@type":"ImageObject","@id":"\/logo.png","url":"\/logo.png","width":600,"height":60}},"image":{"@type":"ImageObject","@id":"https:\/\/www.bumo.cz\/wp-content\/uploads\/img_a303281_w2067_t1513592398.jpg","url":"https:\/\/www.bumo.cz\/wp-content\/uploads\/img_a303281_w2067_t1513592398.jpg","height":0,"width":0},"wordCount":548,"keywords":null},{"@type":"Article","@id":"https:\/\/www.bumo.cz\/moda-v-kruhu-casu\/","headline":"M\u00d3DA V KRUHU \u010cASU","url":"https:\/\/www.bumo.cz\/moda-v-kruhu-casu\/","datePublished":"2025-03-04","dateModified":"2023-04-29","mainEntityOfPage":"https:\/\/www.bumo.cz\/moda-v-kruhu-casu\/","author":{"@type":"Person","@id":"https:\/\/www.bumo.cz\/author\/#Person","name":"bumo.cz\n","url":"https:\/\/www.bumo.cz\/author\/","identifier":1,"image":{"@type":"ImageObject","@id":"https:\/\/secure.gravatar.com\/avatar\/df9d3e7f7fe4622e291ec02ac46f5f76755ddc91019a65e783baee3892394402?s=96&d=mm&r=g","url":"https:\/\/secure.gravatar.com\/avatar\/df9d3e7f7fe4622e291ec02ac46f5f76755ddc91019a65e783baee3892394402?s=96&d=mm&r=g","height":96,"width":96}},"publisher":{"@type":"Organization","name":"bumo.cz","logo":{"@type":"ImageObject","@id":"\/logo.png","url":"\/logo.png","width":600,"height":60}},"image":{"@type":"ImageObject","@id":"https:\/\/www.bumo.cz\/wp-content\/uploads\/img_a295721_w2067_t1507186976.jpg","url":"https:\/\/www.bumo.cz\/wp-content\/uploads\/img_a295721_w2067_t1507186976.jpg","height":0,"width":0},"wordCount":505,"keywords":null}]},{"@context":"https:\/\/schema.org","@type":"WebSite","@id":"https:\/\/www.bumo.cz\/#website","name":"Bumo","url":"https:\/\/www.bumo.cz","potentialAction":{"@type":"SearchAction","target":"https:\/\/www.bumo.cz\/?s={search_term_string}","query-input":"required name=search_term_string"}}]