[{"@context":"https:\/\/schema.org\/","@type":"Blog","@id":"https:\/\/www.bumo.cz#Blog","headline":"Bumo","description":"\nM\u00e1te r\u00e1di chv\u00edle, p\u0159i kter\u00fdch si m\u016f\u017eete n\u011bco zaj\u00edmav\u00e9 p\u0159e\u010d\u00edst? Chcete zdroj \u010dten\u00ed, kter\u00fd je po\u0159\u00e1d s v\u00e1mi? To um\u00ed n\u00e1\u0161 jedine\u010dn\u00fd online magaz\u00edn a jeho obsah.","url":"https:\/\/www.bumo.cz","hasPart":[{"@type":"Article","@id":"https:\/\/www.bumo.cz\/moda-v-kruhu-casu\/","headline":"M\u00d3DA V KRUHU \u010cASU","url":"https:\/\/www.bumo.cz\/moda-v-kruhu-casu\/","datePublished":"2025-03-04","dateModified":"2023-04-29","mainEntityOfPage":"https:\/\/www.bumo.cz\/moda-v-kruhu-casu\/","author":{"@type":"Person","@id":"https:\/\/www.bumo.cz\/author\/#Person","name":"bumo.cz\n","url":"https:\/\/www.bumo.cz\/author\/","identifier":1,"image":{"@type":"ImageObject","@id":"https:\/\/secure.gravatar.com\/avatar\/df9d3e7f7fe4622e291ec02ac46f5f76755ddc91019a65e783baee3892394402?s=96&d=mm&r=g","url":"https:\/\/secure.gravatar.com\/avatar\/df9d3e7f7fe4622e291ec02ac46f5f76755ddc91019a65e783baee3892394402?s=96&d=mm&r=g","height":96,"width":96}},"publisher":{"@type":"Organization","name":"bumo.cz","logo":{"@type":"ImageObject","@id":"\/logo.png","url":"\/logo.png","width":600,"height":60}},"image":{"@type":"ImageObject","@id":"https:\/\/www.bumo.cz\/wp-content\/uploads\/img_a295721_w2067_t1507186976.jpg","url":"https:\/\/www.bumo.cz\/wp-content\/uploads\/img_a295721_w2067_t1507186976.jpg","height":0,"width":0},"wordCount":505,"keywords":null},{"@type":"Article","@id":"https:\/\/www.bumo.cz\/sluneni-u-bazenu-ma-take-sva-uskali-a-zdravotni-rizika\/","headline":"Slun\u011bn\u00ed u baz\u00e9nu m\u00e1 tak\u00e9 sv\u00e1 \u00faskal\u00ed a zdravotn\u00ed rizika","url":"https:\/\/www.bumo.cz\/sluneni-u-bazenu-ma-take-sva-uskali-a-zdravotni-rizika\/","datePublished":"2025-03-03","dateModified":"2023-04-29","mainEntityOfPage":"https:\/\/www.bumo.cz\/sluneni-u-bazenu-ma-take-sva-uskali-a-zdravotni-rizika\/","author":{"@type":"Person","@id":"https:\/\/www.bumo.cz\/author\/#Person","name":"bumo.cz\n","url":"https:\/\/www.bumo.cz\/author\/","identifier":1,"image":{"@type":"ImageObject","@id":"https:\/\/secure.gravatar.com\/avatar\/df9d3e7f7fe4622e291ec02ac46f5f76755ddc91019a65e783baee3892394402?s=96&d=mm&r=g","url":"https:\/\/secure.gravatar.com\/avatar\/df9d3e7f7fe4622e291ec02ac46f5f76755ddc91019a65e783baee3892394402?s=96&d=mm&r=g","height":96,"width":96}},"publisher":{"@type":"Organization","name":"bumo.cz","logo":{"@type":"ImageObject","@id":"\/logo.png","url":"\/logo.png","width":600,"height":60}},"image":{"@type":"ImageObject","@id":"https:\/\/www.bumo.cz\/wp-content\/uploads\/img_a305787_w2067_t1517222765.jpg","url":"https:\/\/www.bumo.cz\/wp-content\/uploads\/img_a305787_w2067_t1517222765.jpg","height":0,"width":0},"wordCount":555,"keywords":null},{"@type":"Article","@id":"https:\/\/www.bumo.cz\/ekonomika-zitrka-ochrana-zivotniho-prostredi\/","headline":"Ekonomika z\u00edt\u0159ka \u2013 ochrana \u017eivotn\u00edho prost\u0159ed\u00ed","url":"https:\/\/www.bumo.cz\/ekonomika-zitrka-ochrana-zivotniho-prostredi\/","datePublished":"2025-03-03","dateModified":"2023-04-29","mainEntityOfPage":"https:\/\/www.bumo.cz\/ekonomika-zitrka-ochrana-zivotniho-prostredi\/","author":{"@type":"Person","@id":"https:\/\/www.bumo.cz\/author\/#Person","name":"bumo.cz\n","url":"https:\/\/www.bumo.cz\/author\/","identifier":1,"image":{"@type":"ImageObject","@id":"https:\/\/secure.gravatar.com\/avatar\/df9d3e7f7fe4622e291ec02ac46f5f76755ddc91019a65e783baee3892394402?s=96&d=mm&r=g","url":"https:\/\/secure.gravatar.com\/avatar\/df9d3e7f7fe4622e291ec02ac46f5f76755ddc91019a65e783baee3892394402?s=96&d=mm&r=g","height":96,"width":96}},"publisher":{"@type":"Organization","name":"bumo.cz","logo":{"@type":"ImageObject","@id":"\/logo.png","url":"\/logo.png","width":600,"height":60}},"image":{"@type":"ImageObject","@id":"https:\/\/www.bumo.cz\/wp-content\/uploads\/img_a302350_w2067_t1512249618.jpg","url":"https:\/\/www.bumo.cz\/wp-content\/uploads\/img_a302350_w2067_t1512249618.jpg","height":0,"width":0},"wordCount":591,"keywords":null},{"@type":"Article","@id":"https:\/\/www.bumo.cz\/klenot-hranicniho-vybezku-na-soutoku-kamenice-a-labe\/","headline":"Klenot hrani\u010dn\u00edho v\u00fdb\u011b\u017eku na soutoku Kamenice a Labe","url":"https:\/\/www.bumo.cz\/klenot-hranicniho-vybezku-na-soutoku-kamenice-a-labe\/","datePublished":"2025-03-03","dateModified":"2025-03-03","mainEntityOfPage":"https:\/\/www.bumo.cz\/klenot-hranicniho-vybezku-na-soutoku-kamenice-a-labe\/","author":{"@type":"Person","@id":"https:\/\/www.bumo.cz\/author\/#Person","name":"bumo.cz\n","url":"https:\/\/www.bumo.cz\/author\/","identifier":1,"image":{"@type":"ImageObject","@id":"https:\/\/secure.gravatar.com\/avatar\/df9d3e7f7fe4622e291ec02ac46f5f76755ddc91019a65e783baee3892394402?s=96&d=mm&r=g","url":"https:\/\/secure.gravatar.com\/avatar\/df9d3e7f7fe4622e291ec02ac46f5f76755ddc91019a65e783baee3892394402?s=96&d=mm&r=g","height":96,"width":96}},"publisher":{"@type":"Organization","name":"bumo.cz","logo":{"@type":"ImageObject","@id":"\/logo.png","url":"\/logo.png","width":600,"height":60}},"image":{"@type":"ImageObject","@id":"https:\/\/www.bumo.cz\/wp-content\/uploads\/img_a341159_w2067_t1553940594.jpg","url":"https:\/\/www.bumo.cz\/wp-content\/uploads\/img_a341159_w2067_t1553940594.jpg","height":0,"width":0},"wordCount":483,"keywords":null},{"@type":"Article","@id":"https:\/\/www.bumo.cz\/cirkve-a-byznys\/","headline":"C\u00edrkve a byznys","url":"https:\/\/www.bumo.cz\/cirkve-a-byznys\/","datePublished":"2025-03-02","dateModified":"2025-03-02","mainEntityOfPage":"https:\/\/www.bumo.cz\/cirkve-a-byznys\/","author":{"@type":"Person","@id":"https:\/\/www.bumo.cz\/author\/#Person","name":"bumo.cz\n","url":"https:\/\/www.bumo.cz\/author\/","identifier":1,"image":{"@type":"ImageObject","@id":"https:\/\/secure.gravatar.com\/avatar\/df9d3e7f7fe4622e291ec02ac46f5f76755ddc91019a65e783baee3892394402?s=96&d=mm&r=g","url":"https:\/\/secure.gravatar.com\/avatar\/df9d3e7f7fe4622e291ec02ac46f5f76755ddc91019a65e783baee3892394402?s=96&d=mm&r=g","height":96,"width":96}},"publisher":{"@type":"Organization","name":"bumo.cz","logo":{"@type":"ImageObject","@id":"\/logo.png","url":"\/logo.png","width":600,"height":60}},"image":{"@type":"ImageObject","@id":"https:\/\/www.bumo.cz\/wp-content\/uploads\/img_a320647_w2067_t1531946373.jpg","url":"https:\/\/www.bumo.cz\/wp-content\/uploads\/img_a320647_w2067_t1531946373.jpg","height":0,"width":0},"wordCount":4413,"keywords":null},{"@type":"Article","@id":"https:\/\/www.bumo.cz\/4tet-dostane-kazdou-generaci\/","headline":"4TET dostane ka\u017edou generaci!","url":"https:\/\/www.bumo.cz\/4tet-dostane-kazdou-generaci\/","datePublished":"2025-03-02","dateModified":"2025-03-02","mainEntityOfPage":"https:\/\/www.bumo.cz\/4tet-dostane-kazdou-generaci\/","author":{"@type":"Person","@id":"https:\/\/www.bumo.cz\/author\/#Person","name":"bumo.cz\n","url":"https:\/\/www.bumo.cz\/author\/","identifier":1,"image":{"@type":"ImageObject","@id":"https:\/\/secure.gravatar.com\/avatar\/df9d3e7f7fe4622e291ec02ac46f5f76755ddc91019a65e783baee3892394402?s=96&d=mm&r=g","url":"https:\/\/secure.gravatar.com\/avatar\/df9d3e7f7fe4622e291ec02ac46f5f76755ddc91019a65e783baee3892394402?s=96&d=mm&r=g","height":96,"width":96}},"publisher":{"@type":"Organization","name":"bumo.cz","logo":{"@type":"ImageObject","@id":"\/logo.png","url":"\/logo.png","width":600,"height":60}},"image":{"@type":"ImageObject","@id":"https:\/\/www.bumo.cz\/wp-content\/uploads\/img_a342897_w2067_t1556035977.jpg","url":"https:\/\/www.bumo.cz\/wp-content\/uploads\/img_a342897_w2067_t1556035977.jpg","height":0,"width":0},"wordCount":466,"keywords":null},{"@type":"Article","@id":"https:\/\/www.bumo.cz\/i-duchodci-u-nas-podnikaji-a-drzi-nad-vodou-mnohe-byznysy\/","headline":"I d\u016fchodci u n\u00e1s podnikaj\u00ed a dr\u017e\u00ed nad vodou mnoh\u00e9 byznysy!","url":"https:\/\/www.bumo.cz\/i-duchodci-u-nas-podnikaji-a-drzi-nad-vodou-mnohe-byznysy\/","datePublished":"2025-03-02","dateModified":"2025-03-02","mainEntityOfPage":"https:\/\/www.bumo.cz\/i-duchodci-u-nas-podnikaji-a-drzi-nad-vodou-mnohe-byznysy\/","author":{"@type":"Person","@id":"https:\/\/www.bumo.cz\/author\/#Person","name":"bumo.cz\n","url":"https:\/\/www.bumo.cz\/author\/","identifier":1,"image":{"@type":"ImageObject","@id":"https:\/\/secure.gravatar.com\/avatar\/df9d3e7f7fe4622e291ec02ac46f5f76755ddc91019a65e783baee3892394402?s=96&d=mm&r=g","url":"https:\/\/secure.gravatar.com\/avatar\/df9d3e7f7fe4622e291ec02ac46f5f76755ddc91019a65e783baee3892394402?s=96&d=mm&r=g","height":96,"width":96}},"publisher":{"@type":"Organization","name":"bumo.cz","logo":{"@type":"ImageObject","@id":"\/logo.png","url":"\/logo.png","width":600,"height":60}},"image":{"@type":"ImageObject","@id":"https:\/\/www.bumo.cz\/wp-content\/uploads\/img_a318723_w2067_t1529585831.jpg","url":"https:\/\/www.bumo.cz\/wp-content\/uploads\/img_a318723_w2067_t1529585831.jpg","height":0,"width":0},"wordCount":603,"keywords":null},{"@type":"Article","@id":"https:\/\/www.bumo.cz\/proc-place-a-hlavne-jak-dite-uklidnit\/","headline":"Pro\u010d pl\u00e1\u010de, a hlavn\u011b jak d\u00edt\u011b uklidnit?","url":"https:\/\/www.bumo.cz\/proc-place-a-hlavne-jak-dite-uklidnit\/","datePublished":"2025-03-02","dateModified":"2023-04-29","mainEntityOfPage":"https:\/\/www.bumo.cz\/proc-place-a-hlavne-jak-dite-uklidnit\/","author":{"@type":"Person","@id":"https:\/\/www.bumo.cz\/author\/#Person","name":"bumo.cz\n","url":"https:\/\/www.bumo.cz\/author\/","identifier":1,"image":{"@type":"ImageObject","@id":"https:\/\/secure.gravatar.com\/avatar\/df9d3e7f7fe4622e291ec02ac46f5f76755ddc91019a65e783baee3892394402?s=96&d=mm&r=g","url":"https:\/\/secure.gravatar.com\/avatar\/df9d3e7f7fe4622e291ec02ac46f5f76755ddc91019a65e783baee3892394402?s=96&d=mm&r=g","height":96,"width":96}},"publisher":{"@type":"Organization","name":"bumo.cz","logo":{"@type":"ImageObject","@id":"\/logo.png","url":"\/logo.png","width":600,"height":60}},"image":{"@type":"ImageObject","@id":"https:\/\/www.bumo.cz\/wp-content\/uploads\/img_a287329_w2067_t1497991614.jpg","url":"https:\/\/www.bumo.cz\/wp-content\/uploads\/img_a287329_w2067_t1497991614.jpg","height":0,"width":0},"wordCount":555,"keywords":null},{"@type":"Article","@id":"https:\/\/www.bumo.cz\/originalita-predevsim\/","headline":"Originalita p\u0159edev\u0161\u00edm","url":"https:\/\/www.bumo.cz\/originalita-predevsim\/","datePublished":"2025-03-02","dateModified":"2023-04-29","mainEntityOfPage":"https:\/\/www.bumo.cz\/originalita-predevsim\/","author":{"@type":"Person","@id":"https:\/\/www.bumo.cz\/author\/#Person","name":"bumo.cz\n","url":"https:\/\/www.bumo.cz\/author\/","identifier":1,"image":{"@type":"ImageObject","@id":"https:\/\/secure.gravatar.com\/avatar\/df9d3e7f7fe4622e291ec02ac46f5f76755ddc91019a65e783baee3892394402?s=96&d=mm&r=g","url":"https:\/\/secure.gravatar.com\/avatar\/df9d3e7f7fe4622e291ec02ac46f5f76755ddc91019a65e783baee3892394402?s=96&d=mm&r=g","height":96,"width":96}},"publisher":{"@type":"Organization","name":"bumo.cz","logo":{"@type":"ImageObject","@id":"\/logo.png","url":"\/logo.png","width":600,"height":60}},"image":{"@type":"ImageObject","@id":"https:\/\/www.bumo.cz\/wp-content\/uploads\/img_a300257_w2067_t1510324001.jpg","url":"https:\/\/www.bumo.cz\/wp-content\/uploads\/img_a300257_w2067_t1510324001.jpg","height":0,"width":0},"wordCount":531,"keywords":null},{"@type":"Article","@id":"https:\/\/www.bumo.cz\/cim-vice-se-tanci-tim-vice-se-usetri\/","headline":"\u010c\u00edm v\u00edce se tan\u010d\u00ed, t\u00edm v\u00edce se u\u0161et\u0159\u00ed","url":"https:\/\/www.bumo.cz\/cim-vice-se-tanci-tim-vice-se-usetri\/","datePublished":"2025-03-02","dateModified":"2023-04-29","mainEntityOfPage":"https:\/\/www.bumo.cz\/cim-vice-se-tanci-tim-vice-se-usetri\/","author":{"@type":"Person","@id":"https:\/\/www.bumo.cz\/author\/#Person","name":"bumo.cz\n","url":"https:\/\/www.bumo.cz\/author\/","identifier":1,"image":{"@type":"ImageObject","@id":"https:\/\/secure.gravatar.com\/avatar\/df9d3e7f7fe4622e291ec02ac46f5f76755ddc91019a65e783baee3892394402?s=96&d=mm&r=g","url":"https:\/\/secure.gravatar.com\/avatar\/df9d3e7f7fe4622e291ec02ac46f5f76755ddc91019a65e783baee3892394402?s=96&d=mm&r=g","height":96,"width":96}},"publisher":{"@type":"Organization","name":"bumo.cz","logo":{"@type":"ImageObject","@id":"\/logo.png","url":"\/logo.png","width":600,"height":60}},"image":{"@type":"ImageObject","@id":"https:\/\/www.bumo.cz\/wp-content\/uploads\/img_a297589_w2067_t1508009384.jpg","url":"https:\/\/www.bumo.cz\/wp-content\/uploads\/img_a297589_w2067_t1508009384.jpg","height":0,"width":0},"wordCount":493,"keywords":null}]},{"@context":"https:\/\/schema.org","@type":"WebSite","@id":"https:\/\/www.bumo.cz\/#website","name":"Bumo","url":"https:\/\/www.bumo.cz","potentialAction":{"@type":"SearchAction","target":"https:\/\/www.bumo.cz\/?s={search_term_string}","query-input":"required name=search_term_string"}}]