[{"@context":"https:\/\/schema.org\/","@type":"Blog","@id":"https:\/\/www.bumo.cz#Blog","headline":"Bumo","description":"\nM\u00e1te r\u00e1di chv\u00edle, p\u0159i kter\u00fdch si m\u016f\u017eete n\u011bco zaj\u00edmav\u00e9 p\u0159e\u010d\u00edst? Chcete zdroj \u010dten\u00ed, kter\u00fd je po\u0159\u00e1d s v\u00e1mi? To um\u00ed n\u00e1\u0161 jedine\u010dn\u00fd online magaz\u00edn a jeho obsah.","url":"https:\/\/www.bumo.cz","hasPart":[{"@type":"Article","@id":"https:\/\/www.bumo.cz\/zahradni-jezirko-zalozeni-jezirka\/","headline":"Zahradn\u00ed jez\u00edrko \u2013 zalo\u017een\u00ed jez\u00edrka","url":"https:\/\/www.bumo.cz\/zahradni-jezirko-zalozeni-jezirka\/","datePublished":"2025-03-02","dateModified":"2025-03-02","mainEntityOfPage":"https:\/\/www.bumo.cz\/zahradni-jezirko-zalozeni-jezirka\/","author":{"@type":"Person","@id":"https:\/\/www.bumo.cz\/author\/#Person","name":"bumo.cz\n","url":"https:\/\/www.bumo.cz\/author\/","identifier":1,"image":{"@type":"ImageObject","@id":"https:\/\/secure.gravatar.com\/avatar\/df9d3e7f7fe4622e291ec02ac46f5f76755ddc91019a65e783baee3892394402?s=96&d=mm&r=g","url":"https:\/\/secure.gravatar.com\/avatar\/df9d3e7f7fe4622e291ec02ac46f5f76755ddc91019a65e783baee3892394402?s=96&d=mm&r=g","height":96,"width":96}},"publisher":{"@type":"Organization","name":"bumo.cz","logo":{"@type":"ImageObject","@id":"\/logo.png","url":"\/logo.png","width":600,"height":60}},"image":{"@type":"ImageObject","@id":"https:\/\/www.bumo.cz\/wp-content\/uploads\/img_a334349_w2067_t1547996074.jpg","url":"https:\/\/www.bumo.cz\/wp-content\/uploads\/img_a334349_w2067_t1547996074.jpg","height":0,"width":0},"wordCount":547,"keywords":null},{"@type":"Article","@id":"https:\/\/www.bumo.cz\/solarni-sprchy-prijdou-vhod\/","headline":"Sol\u00e1rn\u00ed sprchy p\u0159ijdou vhod","url":"https:\/\/www.bumo.cz\/solarni-sprchy-prijdou-vhod\/","datePublished":"2025-03-01","dateModified":"2023-04-29","mainEntityOfPage":"https:\/\/www.bumo.cz\/solarni-sprchy-prijdou-vhod\/","author":{"@type":"Person","@id":"https:\/\/www.bumo.cz\/author\/#Person","name":"bumo.cz\n","url":"https:\/\/www.bumo.cz\/author\/","identifier":1,"image":{"@type":"ImageObject","@id":"https:\/\/secure.gravatar.com\/avatar\/df9d3e7f7fe4622e291ec02ac46f5f76755ddc91019a65e783baee3892394402?s=96&d=mm&r=g","url":"https:\/\/secure.gravatar.com\/avatar\/df9d3e7f7fe4622e291ec02ac46f5f76755ddc91019a65e783baee3892394402?s=96&d=mm&r=g","height":96,"width":96}},"publisher":{"@type":"Organization","name":"bumo.cz","logo":{"@type":"ImageObject","@id":"\/logo.png","url":"\/logo.png","width":600,"height":60}},"image":{"@type":"ImageObject","@id":"https:\/\/www.bumo.cz\/wp-content\/uploads\/img_a299275_w2067_t1509369328.jpg","url":"https:\/\/www.bumo.cz\/wp-content\/uploads\/img_a299275_w2067_t1509369328.jpg","height":0,"width":0},"wordCount":456,"keywords":null},{"@type":"Article","@id":"https:\/\/www.bumo.cz\/na-vylet-do-cornwallu-poznavat-prirodu\/","headline":"Na v\u00fdlet do Cornwallu pozn\u00e1vat p\u0159\u00edrodu","url":"https:\/\/www.bumo.cz\/na-vylet-do-cornwallu-poznavat-prirodu\/","datePublished":"2025-03-01","dateModified":"2023-04-29","mainEntityOfPage":"https:\/\/www.bumo.cz\/na-vylet-do-cornwallu-poznavat-prirodu\/","author":{"@type":"Person","@id":"https:\/\/www.bumo.cz\/author\/#Person","name":"bumo.cz\n","url":"https:\/\/www.bumo.cz\/author\/","identifier":1,"image":{"@type":"ImageObject","@id":"https:\/\/secure.gravatar.com\/avatar\/df9d3e7f7fe4622e291ec02ac46f5f76755ddc91019a65e783baee3892394402?s=96&d=mm&r=g","url":"https:\/\/secure.gravatar.com\/avatar\/df9d3e7f7fe4622e291ec02ac46f5f76755ddc91019a65e783baee3892394402?s=96&d=mm&r=g","height":96,"width":96}},"publisher":{"@type":"Organization","name":"bumo.cz","logo":{"@type":"ImageObject","@id":"\/logo.png","url":"\/logo.png","width":600,"height":60}},"image":{"@type":"ImageObject","@id":"https:\/\/www.bumo.cz\/wp-content\/uploads\/img_a304450_w2067_t1515530620.jpg","url":"https:\/\/www.bumo.cz\/wp-content\/uploads\/img_a304450_w2067_t1515530620.jpg","height":0,"width":0},"wordCount":690,"keywords":null},{"@type":"Article","@id":"https:\/\/www.bumo.cz\/jak-snadno-prijit-o-ridicak\/","headline":"Jak snadno p\u0159ij\u00edt o \u0159idi\u010d\u00e1k","url":"https:\/\/www.bumo.cz\/jak-snadno-prijit-o-ridicak\/","datePublished":"2025-03-01","dateModified":"2023-04-29","mainEntityOfPage":"https:\/\/www.bumo.cz\/jak-snadno-prijit-o-ridicak\/","author":{"@type":"Person","@id":"https:\/\/www.bumo.cz\/author\/#Person","name":"bumo.cz\n","url":"https:\/\/www.bumo.cz\/author\/","identifier":1,"image":{"@type":"ImageObject","@id":"https:\/\/secure.gravatar.com\/avatar\/df9d3e7f7fe4622e291ec02ac46f5f76755ddc91019a65e783baee3892394402?s=96&d=mm&r=g","url":"https:\/\/secure.gravatar.com\/avatar\/df9d3e7f7fe4622e291ec02ac46f5f76755ddc91019a65e783baee3892394402?s=96&d=mm&r=g","height":96,"width":96}},"publisher":{"@type":"Organization","name":"bumo.cz","logo":{"@type":"ImageObject","@id":"\/logo.png","url":"\/logo.png","width":600,"height":60}},"image":{"@type":"ImageObject","@id":"https:\/\/www.bumo.cz\/wp-content\/uploads\/img_a298724_w2067_t1508993789.jpg","url":"https:\/\/www.bumo.cz\/wp-content\/uploads\/img_a298724_w2067_t1508993789.jpg","height":0,"width":0},"wordCount":561,"keywords":null},{"@type":"Article","@id":"https:\/\/www.bumo.cz\/uplne-kazdy-ma-na-vyber\/","headline":"\u00dapln\u011b ka\u017ed\u00fd m\u00e1 na v\u00fdb\u011br","url":"https:\/\/www.bumo.cz\/uplne-kazdy-ma-na-vyber\/","datePublished":"2025-03-01","dateModified":"2023-04-29","mainEntityOfPage":"https:\/\/www.bumo.cz\/uplne-kazdy-ma-na-vyber\/","author":{"@type":"Person","@id":"https:\/\/www.bumo.cz\/author\/#Person","name":"bumo.cz\n","url":"https:\/\/www.bumo.cz\/author\/","identifier":1,"image":{"@type":"ImageObject","@id":"https:\/\/secure.gravatar.com\/avatar\/df9d3e7f7fe4622e291ec02ac46f5f76755ddc91019a65e783baee3892394402?s=96&d=mm&r=g","url":"https:\/\/secure.gravatar.com\/avatar\/df9d3e7f7fe4622e291ec02ac46f5f76755ddc91019a65e783baee3892394402?s=96&d=mm&r=g","height":96,"width":96}},"publisher":{"@type":"Organization","name":"bumo.cz","logo":{"@type":"ImageObject","@id":"\/logo.png","url":"\/logo.png","width":600,"height":60}},"image":{"@type":"ImageObject","@id":"https:\/\/www.bumo.cz\/wp-content\/uploads\/img_a307145_w2067_t1518541219.jpg","url":"https:\/\/www.bumo.cz\/wp-content\/uploads\/img_a307145_w2067_t1518541219.jpg","height":0,"width":0},"wordCount":581,"keywords":null},{"@type":"Article","@id":"https:\/\/www.bumo.cz\/zakaznicky-ucet-je-vam-k-dispozici\/","headline":"Z\u00e1kaznick\u00fd \u00fa\u010det  je v\u00e1m k dispozici","url":"https:\/\/www.bumo.cz\/zakaznicky-ucet-je-vam-k-dispozici\/","datePublished":"2025-02-22","dateModified":"2025-02-22","mainEntityOfPage":"https:\/\/www.bumo.cz\/zakaznicky-ucet-je-vam-k-dispozici\/","author":{"@type":"Person","@id":"https:\/\/www.bumo.cz\/author\/#Person","name":"bumo.cz\n","url":"https:\/\/www.bumo.cz\/author\/","identifier":1,"image":{"@type":"ImageObject","@id":"https:\/\/secure.gravatar.com\/avatar\/df9d3e7f7fe4622e291ec02ac46f5f76755ddc91019a65e783baee3892394402?s=96&d=mm&r=g","url":"https:\/\/secure.gravatar.com\/avatar\/df9d3e7f7fe4622e291ec02ac46f5f76755ddc91019a65e783baee3892394402?s=96&d=mm&r=g","height":96,"width":96}},"publisher":{"@type":"Organization","name":"bumo.cz","logo":{"@type":"ImageObject","@id":"\/logo.png","url":"\/logo.png","width":600,"height":60}},"image":null,"wordCount":213,"keywords":null},{"@type":"Article","@id":"https:\/\/www.bumo.cz\/jake-bude-pocasi\/","headline":"Jak\u00e9 bude po\u010das\u00ed","url":"https:\/\/www.bumo.cz\/jake-bude-pocasi\/","datePublished":"2025-02-16","dateModified":"2025-02-16","mainEntityOfPage":"https:\/\/www.bumo.cz\/jake-bude-pocasi\/","author":{"@type":"Person","@id":"https:\/\/www.bumo.cz\/author\/#Person","name":"bumo.cz\n","url":"https:\/\/www.bumo.cz\/author\/","identifier":1,"image":{"@type":"ImageObject","@id":"https:\/\/secure.gravatar.com\/avatar\/df9d3e7f7fe4622e291ec02ac46f5f76755ddc91019a65e783baee3892394402?s=96&d=mm&r=g","url":"https:\/\/secure.gravatar.com\/avatar\/df9d3e7f7fe4622e291ec02ac46f5f76755ddc91019a65e783baee3892394402?s=96&d=mm&r=g","height":96,"width":96}},"publisher":{"@type":"Organization","name":"bumo.cz","logo":{"@type":"ImageObject","@id":"\/logo.png","url":"\/logo.png","width":600,"height":60}},"image":null,"wordCount":220,"keywords":null},{"@type":"Article","@id":"https:\/\/www.bumo.cz\/okna-na-miru-v-te-nejvyssi-kvalite\/","headline":"Okna na m\u00edru v t\u00e9 nejvy\u0161\u0161\u00ed kvalit\u011b","url":"https:\/\/www.bumo.cz\/okna-na-miru-v-te-nejvyssi-kvalite\/","datePublished":"2025-02-11","dateModified":"2025-02-11","mainEntityOfPage":"https:\/\/www.bumo.cz\/okna-na-miru-v-te-nejvyssi-kvalite\/","author":{"@type":"Person","@id":"https:\/\/www.bumo.cz\/author\/#Person","name":"bumo.cz\n","url":"https:\/\/www.bumo.cz\/author\/","identifier":1,"image":{"@type":"ImageObject","@id":"https:\/\/secure.gravatar.com\/avatar\/df9d3e7f7fe4622e291ec02ac46f5f76755ddc91019a65e783baee3892394402?s=96&d=mm&r=g","url":"https:\/\/secure.gravatar.com\/avatar\/df9d3e7f7fe4622e291ec02ac46f5f76755ddc91019a65e783baee3892394402?s=96&d=mm&r=g","height":96,"width":96}},"publisher":{"@type":"Organization","name":"bumo.cz","logo":{"@type":"ImageObject","@id":"\/logo.png","url":"\/logo.png","width":600,"height":60}},"image":null,"wordCount":222,"keywords":null},{"@type":"Article","@id":"https:\/\/www.bumo.cz\/fenomen-dnesni-doby\/","headline":"Fenom\u00e9n dne\u0161n\u00ed doby","url":"https:\/\/www.bumo.cz\/fenomen-dnesni-doby\/","datePublished":"2025-02-06","dateModified":"2025-02-06","mainEntityOfPage":"https:\/\/www.bumo.cz\/fenomen-dnesni-doby\/","author":{"@type":"Person","@id":"https:\/\/www.bumo.cz\/author\/#Person","name":"bumo.cz\n","url":"https:\/\/www.bumo.cz\/author\/","identifier":1,"image":{"@type":"ImageObject","@id":"https:\/\/secure.gravatar.com\/avatar\/df9d3e7f7fe4622e291ec02ac46f5f76755ddc91019a65e783baee3892394402?s=96&d=mm&r=g","url":"https:\/\/secure.gravatar.com\/avatar\/df9d3e7f7fe4622e291ec02ac46f5f76755ddc91019a65e783baee3892394402?s=96&d=mm&r=g","height":96,"width":96}},"publisher":{"@type":"Organization","name":"bumo.cz","logo":{"@type":"ImageObject","@id":"\/logo.png","url":"\/logo.png","width":600,"height":60}},"image":null,"wordCount":242,"keywords":null},{"@type":"Article","@id":"https:\/\/www.bumo.cz\/klasicke-zavesy\/","headline":"Klasick\u00e9 z\u00e1v\u011bsy","url":"https:\/\/www.bumo.cz\/klasicke-zavesy\/","datePublished":"2025-01-29","dateModified":"2025-01-29","mainEntityOfPage":"https:\/\/www.bumo.cz\/klasicke-zavesy\/","author":{"@type":"Person","@id":"https:\/\/www.bumo.cz\/author\/#Person","name":"bumo.cz\n","url":"https:\/\/www.bumo.cz\/author\/","identifier":1,"image":{"@type":"ImageObject","@id":"https:\/\/secure.gravatar.com\/avatar\/df9d3e7f7fe4622e291ec02ac46f5f76755ddc91019a65e783baee3892394402?s=96&d=mm&r=g","url":"https:\/\/secure.gravatar.com\/avatar\/df9d3e7f7fe4622e291ec02ac46f5f76755ddc91019a65e783baee3892394402?s=96&d=mm&r=g","height":96,"width":96}},"publisher":{"@type":"Organization","name":"bumo.cz","logo":{"@type":"ImageObject","@id":"\/logo.png","url":"\/logo.png","width":600,"height":60}},"image":null,"wordCount":247,"keywords":null}]},{"@context":"https:\/\/schema.org","@type":"WebSite","@id":"https:\/\/www.bumo.cz\/#website","name":"Bumo","url":"https:\/\/www.bumo.cz","potentialAction":{"@type":"SearchAction","target":"https:\/\/www.bumo.cz\/?s={search_term_string}","query-input":"required name=search_term_string"}}]