[{"@context":"https:\/\/schema.org\/","@type":"Article","@id":"https:\/\/www.bumo.cz\/uplne-kazdy-ma-na-vyber\/#Article","mainEntityOfPage":"https:\/\/www.bumo.cz\/uplne-kazdy-ma-na-vyber\/","headline":"\u00dapln\u011b ka\u017ed\u00fd m\u00e1 na v\u00fdb\u011br","name":"\u00dapln\u011b ka\u017ed\u00fd m\u00e1 na v\u00fdb\u011br","description":"R\u00e1no vstanete, d\u00e1te si rychlou k\u00e1vu \u010di \u010daj, skoro za ch\u016fze sn\u00edte sn\u00eddani a rychle se vyd\u00e1te do pr\u00e1ce. V pr\u00e1ci jste minim\u00e1ln\u011b osm hodin ka\u017ed\u00fd den, t\u011b\u0161\u00edte se dom\u016f nebo na v\u00edkend, proto\u017ee m\u00e1te napl\u00e1novan\u00e9 v\u00fdlety s p\u0159\u00e1teli a je to nejbli\u017e\u0161\u00ed dobrodru\u017estv\u00ed co V\u00e1s te\u010f \u010dek\u00e1. Pro\u010d neza\u017e\u00edt n\u011bjak\u00e9 dobrodru\u017estv\u00ed ka\u017ed\u00fd den, nemus\u00ed&hellip; <a href=\"https:\/\/www.bumo.cz\/uplne-kazdy-ma-na-vyber\/\">Pokra\u010dovat ve \u010dten\u00ed <span class=\"screen-reader-text\">\u00dapln\u011b ka\u017ed\u00fd m\u00e1 na v\u00fdb\u011br<\/span><\/a>","datePublished":"2025-03-01","dateModified":"2023-04-29","author":{"@type":"Person","@id":"https:\/\/www.bumo.cz\/author\/#Person","name":"bumo.cz\n","url":"https:\/\/www.bumo.cz\/author\/","identifier":1,"image":{"@type":"ImageObject","@id":"https:\/\/secure.gravatar.com\/avatar\/df9d3e7f7fe4622e291ec02ac46f5f76755ddc91019a65e783baee3892394402?s=96&d=mm&r=g","url":"https:\/\/secure.gravatar.com\/avatar\/df9d3e7f7fe4622e291ec02ac46f5f76755ddc91019a65e783baee3892394402?s=96&d=mm&r=g","height":96,"width":96}},"publisher":{"@type":"Organization","name":"bumo.cz","logo":{"@type":"ImageObject","@id":"\/logo.png","url":"\/logo.png","width":600,"height":60}},"image":{"@type":"ImageObject","@id":"https:\/\/www.bumo.cz\/wp-content\/uploads\/img_a307145_w2067_t1518541219.jpg","url":"https:\/\/www.bumo.cz\/wp-content\/uploads\/img_a307145_w2067_t1518541219.jpg","height":0,"width":0},"url":"https:\/\/www.bumo.cz\/uplne-kazdy-ma-na-vyber\/","about":["D\u016fm a zahrada"],"wordCount":464,"articleBody":"R\u00e1no vstanete, d\u00e1te si rychlou k\u00e1vu \u010di \u010daj, skoro za ch\u016fze sn\u00edte sn\u00eddani a rychle se vyd\u00e1te do pr\u00e1ce. V pr\u00e1ci jste minim\u00e1ln\u011b osm hodin ka\u017ed\u00fd den, t\u011b\u0161\u00edte se dom\u016f nebo na v\u00edkend, proto\u017ee m\u00e1te napl\u00e1novan\u00e9 v\u00fdlety s p\u0159\u00e1teli a je to nejbli\u017e\u0161\u00ed dobrodru\u017estv\u00ed co V\u00e1s te\u010f \u010dek\u00e1. Pro\u010d neza\u017e\u00edt n\u011bjak\u00e9 dobrodru\u017estv\u00ed ka\u017ed\u00fd den, nemus\u00ed to b\u00fdt n\u011bjak\u00e9 velk\u00e9 dobrodru\u017estv\u00ed, sta\u010d\u00ed n\u011bjak\u00e9 mal\u00e9 radosti \u010di vyzkou\u0161en\u00ed n\u011b\u010deho nov\u00e9ho. \u017divot m\u00e1me \u017e\u00edt, a ne se jen tak pl\u00e1cat, v dne\u0161n\u00ed dob\u011b m\u016f\u017eeme objevovat spoustu kon\u00ed\u010dk\u016f,  m\u00e1me na v\u00fdb\u011br z des\u00edtek sportovn\u00edch, ale i jin\u00fdch z\u00e1lib. Pokud jste nad\u0161en\u00fd sportovec tak si ur\u010dit\u011b vyberete z r\u016fzn\u00fdch aktivit, kter\u00e9 nab\u00edz\u00ed nap\u0159\u00edklad nejbli\u017e\u0161\u00ed fitko \u010di t\u011blocvi\u010dna ve Va\u0161em okol\u00ed. \u017deny ur\u010dit\u011b zaujmou hodiny aerobiku, \u010di j\u00f3gy. Mu\u017ee zase hodiny boxu, crossfitu \u010di n\u011bjak\u00fd kolektivn\u00ed sport. D\u00e1le je v dne\u0161n\u00ed dob\u011b velmi modern\u00ed fotografov\u00e1n\u00ed, m\u016f\u017eete se p\u0159ihl\u00e1sit na n\u011bjak\u00fd kurz. Kurzy se nach\u00e1z\u00ed bu\u010f uvnit\u0159 v n\u011bjak\u00fdch ateli\u00e9rech \u010di se s fotoapar\u00e1tem m\u016f\u017eete vydat do p\u0159\u00edrody a zkou\u0161et si v\u0161e v ter\u00e9nu. Mnoha lid\u00ed je klidn\u011bj\u0161\u00edch a vysta\u010d\u00ed si nap\u0159\u00edklad s knihami, berou je jako sv\u016fj kon\u00ed\u010dek. Samoz\u0159ejm\u011b i takov\u00fdto lid\u00e9 maj\u00ed mnoho mo\u017enost\u00ed, mohou nav\u0161t\u011bvovat r\u016fzn\u00e9 liter\u00e1rn\u00ed setk\u00e1n\u00ed, kter\u00e9 se v\u011bt\u0161inou konaj\u00ed v knihovn\u00e1ch \u010di v r\u016fzn\u00fdch kav\u00e1rn\u00e1ch a \u010dajovn\u00e1ch. M\u016f\u017eete si doma skl\u00e1dat puzzle, jak sami, tak klidn\u011b i s va\u0161imi p\u0159\u00e1teli, obt\u00ed\u017enost si ur\u010dujete jen a jen vy a m\u016f\u017eete si z puzzl\u00ed d\u011blat obrazy a kr\u00e1sn\u011b si vyzdobit domov \u010di si skl\u00e1d\u00e1n\u00edm trochu p\u0159ivyd\u011blat. Mnoho lid\u00ed je kreativn\u00edch, a tak vyr\u00e1b\u00ed r\u016fzn\u00e9 v\u00fdrobky. N\u011bkdo vyr\u00e1b\u00ed v zim\u011b adventn\u00ed \u010di r\u016fzn\u00e9 ozdobn\u00e9 v\u011bnce, jin\u00ed zase pletou svetry, h\u00e1\u010dkuj\u00ed ubrusy \u010di vyr\u00e1b\u00ed r\u016fzn\u00e9 \u0161perky. V\u00fdroba \u0161perk\u016f je velmi obl\u00edben\u00e1 a ka\u017ed\u00fd kousek b\u00fdv\u00e1 origin\u00e1ln\u00ed a perfektn\u011b promy\u0161len\u00fd. T\u011bmito kreativn\u00edmi \u010dinnostmi si m\u016f\u017eete tak\u00e9 p\u0159ivyd\u011blat. V\u0161echny tyto aktivity si m\u016f\u017eete nakombinovat podle Va\u0161\u00ed pr\u00e1ce, \u010di podle Va\u0161ich \u010dasov\u00fdch mo\u017enost\u00ed, m\u016f\u017eete ka\u017ed\u00fd den za\u017e\u00edvat n\u011bco jin\u00e9ho s jin\u00fdmi lidmi a na jin\u00fdch m\u00edstech.                                                                                                                                                                                                                                                                                                                                                                                        4.6\/5 - (9 votes)        "},{"@context":"https:\/\/schema.org\/","@type":"BreadcrumbList","itemListElement":[{"@type":"ListItem","position":1,"name":"\u00dapln\u011b ka\u017ed\u00fd m\u00e1 na v\u00fdb\u011br","item":"https:\/\/www.bumo.cz\/uplne-kazdy-ma-na-vyber\/#breadcrumbitem"}]}]