[{"@context":"https:\/\/schema.org\/","@type":"Article","@id":"https:\/\/www.bumo.cz\/zimni-zahrada\/#Article","mainEntityOfPage":"https:\/\/www.bumo.cz\/zimni-zahrada\/","headline":"Zimn\u00ed zahrada","name":"Zimn\u00ed zahrada","description":"Zimn\u00ed zahrada neboli obytn\u00fd sklen\u00edk nen\u00ed ur\u010den\u00fd pouze pro p\u011bstov\u00e1n\u00ed exotick\u00fdch rostlin, ale tak\u00e9 nap\u0159\u00edklad: \u00d8\u00a0 k relaxaci \u00d8\u00a0 k pr\u00e1ci \u00d8\u00a0 jako j\u00eddelna \u00d8\u00a0 jako plaveck\u00fd baz\u00e9n \u00d8\u00a0 jako ateli\u00e9r Zimn\u00ed zahrada je toti\u017e variabiln\u00ed a kr\u00e1sn\u00e1. Mnohdy slou\u017e\u00ed tento obytn\u00fd sklen\u00edk jako roz\u0161\u00ed\u0159en\u00e9 zast\u0159e\u0161en\u00ed balkonu. Pokud v\u0161ak m\u00e1te v pl\u00e1nu v zimn\u00ed zahrad\u011b&hellip; <a href=\"https:\/\/www.bumo.cz\/zimni-zahrada\/\">Pokra\u010dovat ve \u010dten\u00ed <span class=\"screen-reader-text\">Zimn\u00ed zahrada<\/span><\/a>","datePublished":"2025-03-04","dateModified":"2023-04-29","author":{"@type":"Person","@id":"https:\/\/www.bumo.cz\/author\/#Person","name":"bumo.cz\n","url":"https:\/\/www.bumo.cz\/author\/","identifier":1,"image":{"@type":"ImageObject","@id":"https:\/\/secure.gravatar.com\/avatar\/df9d3e7f7fe4622e291ec02ac46f5f76755ddc91019a65e783baee3892394402?s=96&d=mm&r=g","url":"https:\/\/secure.gravatar.com\/avatar\/df9d3e7f7fe4622e291ec02ac46f5f76755ddc91019a65e783baee3892394402?s=96&d=mm&r=g","height":96,"width":96}},"publisher":{"@type":"Organization","name":"bumo.cz","logo":{"@type":"ImageObject","@id":"\/logo.png","url":"\/logo.png","width":600,"height":60}},"image":{"@type":"ImageObject","@id":"https:\/\/www.bumo.cz\/wp-content\/uploads\/img_a303109_w2067_t1513271610.jpg","url":"https:\/\/www.bumo.cz\/wp-content\/uploads\/img_a303109_w2067_t1513271610.jpg","height":0,"width":0},"url":"https:\/\/www.bumo.cz\/zimni-zahrada\/","about":["D\u016fm a zahrada"],"wordCount":411,"articleBody":"Zimn\u00ed zahrada neboli obytn\u00fd sklen\u00edk nen\u00ed ur\u010den\u00fd pouze pro p\u011bstov\u00e1n\u00ed exotick\u00fdch rostlin, ale tak\u00e9 nap\u0159\u00edklad:\u00d8\u00a0 k relaxaci\u00d8\u00a0 k pr\u00e1ci\u00d8\u00a0 jako j\u00eddelna\u00d8\u00a0 jako plaveck\u00fd baz\u00e9n\u00d8\u00a0 jako ateli\u00e9rZimn\u00ed zahrada je toti\u017e variabiln\u00ed a kr\u00e1sn\u00e1. Mnohdy slou\u017e\u00ed tento obytn\u00fd sklen\u00edk jako roz\u0161\u00ed\u0159en\u00e9 zast\u0159e\u0161en\u00ed balkonu. Pokud v\u0161ak m\u00e1te v pl\u00e1nu v zimn\u00ed zahrad\u011b p\u0159edev\u0161\u00edm p\u011bstovat bujn\u00fd porost z tropick\u00fdch rostlin, je t\u0159eba pe\u010dliv\u011b uv\u00e1\u017eit, kam a na jakou stranu zimn\u00ed zahradu um\u00edst\u00edte.\tTropy za sklemPro p\u011bstov\u00e1n\u00ed rostlin v zimn\u00ed zahrad\u011b jsou ide\u00e1ln\u00ed sv\u011btov\u00e9 strany:\u00d8\u00a0 v\u00fdchodn\u00ed\u00d8\u00a0 z\u00e1padn\u00ed\u00d8\u00a0 jihov\u00fdchodn\u00ed\u00d8\u00a0 jihoz\u00e1padn\u00edPokud je zimn\u00ed zahrada situov\u00e1na na tyto sv\u011btov\u00e9 strany, denn\u00ed p\u0159\u00edsun slune\u010dn\u00edho sv\u011btla v n\u00ed bude v m\u00edrn\u00e9m \u00fahlu. Takto osv\u011btlen\u00fd obytn\u00fd sklen\u00edk bude m\u00edt vhodn\u00e9 klima a bude nejv\u00edce prosp\u00edvat rostlin\u00e1m.\u00a0\u00d8\u00a0 Pokud zimn\u00ed zahradu um\u00edst\u00edte sm\u011brem na ji\u017en\u00ed sv\u011btovou stranu, bude i b\u011bhem zimn\u00edch m\u011bs\u00edc\u016f vyh\u0159\u00edv\u00e1na sluncem na teplotu a\u017e okolo dvaceti stup\u0148\u016f Celsia. V letn\u00edch m\u011bs\u00edc\u00edch se ale m\u016f\u017ee snadno p\u0159eh\u0159\u00edvat.Bude-li zimn\u00ed zahrada sm\u011b\u0159ovat na severn\u00ed sv\u011btovou stranu, m\u016f\u017ee v\u00e1m s klidem poslou\u017eit jako ateli\u00e9r, baz\u00e9n anebo tepeln\u011b izola\u010dn\u00ed blok p\u0159ed vchodov\u00fdmi dve\u0159mi. Pokud chcete v takto situovan\u00e9 zimn\u00ed zahrad\u011b p\u011bstovat n\u011bjak\u00e9 rostliny, os\u00e1zejte ji nap\u0159\u00edklad:\u00d8\u00a0 b\u0159e\u010d\u0165anem\u00d8\u00a0 prvosenkami\u00d8\u00a0 gran\u00e1tovn\u00edkem\u00d8\u00a0 fuchsiemiV zimn\u00ed zahrad\u011b, kter\u00e1 je zam\u011b\u0159ena na v\u00fdchodn\u00ed sv\u011btovou stranu je mo\u017en\u00e9 r\u00e1no nachyt\u00e1te prvn\u00ed slune\u010dn\u00ed paprsky a pohodov\u011b posn\u00eddat.\u00d8\u00a0 Zimn\u00ed zahrada, kter\u00e1 je sm\u011b\u0159ov\u00e1na na z\u00e1padn\u00ed sv\u011btovou stranu v\u00e1m zajist\u00ed, \u017ee nebudete p\u0159i ve\u010de\u0159i v tomto obytn\u00e9m sklen\u00edku mrznout.\tJak\u00fd typ?Zimn\u00ed zahrada by m\u011bla b\u00fdt navr\u017eena tak, aby plynule dopl\u0148ovala konstrukci domu. Je mo\u017en\u00e9 ji tedy p\u0159istav\u011bt ke st\u00e1vaj\u00edc\u00edmu domu, nebo ji zapo\u010d\u00edtat do stavby domu. Zimn\u00ed zahrada se rovn\u011b\u017e m\u016f\u017ee nach\u00e1zet nap\u0159\u00edklad:\u00d8\u00a0 na m\u00edst\u011b star\u00e9 p\u016fdy\u00d8\u00a0 jako prosklen\u00fd alt\u00e1n v zahrad\u011b\u00d8\u00a0 na ploch\u00e9 st\u0159e\u0161e gar\u00e1\u017ee\u00d8\u00a0 mezi dv\u011bma \u010d\u00e1sti domu\u00d8\u00a0 p\u0159ed vchodem                                                                                                                                                                                                                                                                                                                                                                                        4\/5 - (7 votes)        "},{"@context":"https:\/\/schema.org\/","@type":"BreadcrumbList","itemListElement":[{"@type":"ListItem","position":1,"name":"Zimn\u00ed zahrada","item":"https:\/\/www.bumo.cz\/zimni-zahrada\/#breadcrumbitem"}]}]